{"id":75654,"date":"2021-05-12T16:00:53","date_gmt":"2021-05-12T19:00:53","guid":{"rendered":"https:\/\/tvtecjundiai.com.br\/news\/?p=75654"},"modified":"2021-05-12T16:27:18","modified_gmt":"2021-05-12T19:27:18","slug":"emocionante-enfermeiro-de-jundiai-vacina-a-propria-mae-contra-a-covid-19-2","status":"publish","type":"post","link":"https:\/\/tvtecjundiai.com.br\/news\/2021\/05\/12\/emocionante-enfermeiro-de-jundiai-vacina-a-propria-mae-contra-a-covid-19-2\/","title":{"rendered":"Emocionante: enfermeiro de Jundia\u00ed vacina a pr\u00f3pria m\u00e3e contra a COVID-19"},"content":{"rendered":"\n<p>Neste dia 12 de maio, comemora-se o Dia Internacional da Enfermagem e nunca uma profiss\u00e3o foi t\u00e3o importante como a de enfermeiro. Com a pandemia do COVID-19, estes profissionais se tornaram verdadeiros her\u00f3is, j\u00e1 que est\u00e3o em contato direto com os pacientes acometidos pelo v\u00edrus.<\/p>\n\n\n\n<p>O enfermeiro Leonard Cabral, respons\u00e1vel pela UBS Hortol\u00e2ndia, \u00e9 um destes exemplos de profissional que est\u00e1 na linha de frente na luta contra a COVID-19. Mas apesar de enfrentar o drama di\u00e1rio causado pela pandemia, o enfermeiro p\u00f4de vivenciar uma das experi\u00eancias mais tocantes de sua vida: o de vacinar sua m\u00e3e.<\/p>\n\n\n\n<p>Ele conta que ele e os irm\u00e3os fizeram uma contagem regressiva, aguardando o dia de vacinar a m\u00e3e, que tem 71 anos. \u201cA gente foi acompanhando, at\u00e9 chegar a faixa et\u00e1ria dela\u201d, conta.<\/p>\n\n\n\n<p>Quando chegou a vez da m\u00e3e de Leonard vacinar, o enfermeiro conta que n\u00e3o escondeu a emo\u00e7\u00e3o. &nbsp;\u201cE a\u00ed o privil\u00e9gio da gente estar naquele momento que a enfermagem proporciona, eu mesmo pude vacinar a minha m\u00e3e\u201d, diz.<\/p>\n\n\n\n<div class=\"wp-block-image\"><figure class=\"aligncenter size-large is-resized\"><img loading=\"lazy\" decoding=\"async\" src=\"https:\/\/tvtecjundiai.com.br\/news\/wp-content\/uploads\/sites\/2\/2021\/05\/enfermeiromae-540x960.jpg\" alt=\"\" class=\"wp-image-75655\" width=\"435\" height=\"773\" srcset=\"https:\/\/tvtecjundiai.com.br\/news\/wp-content\/uploads\/sites\/2\/2021\/05\/enfermeiromae-540x960.jpg 540w, https:\/\/tvtecjundiai.com.br\/news\/wp-content\/uploads\/sites\/2\/2021\/05\/enfermeiromae-281x500.jpg 281w, https:\/\/tvtecjundiai.com.br\/news\/wp-content\/uploads\/sites\/2\/2021\/05\/enfermeiromae.jpg 648w\" sizes=\"auto, (max-width: 435px) 100vw, 435px\" \/><figcaption>O enfermeiro Leonard Cabral no momento em que vacinou a m\u00e3e<\/figcaption><\/figure><\/div>\n\n\n\n<p><strong>Dia da Enfermagem<\/strong><\/p>\n\n\n\n<p>O dia mundial do Enfermeiro comemora-se no dia 12 de maio, por conta da enfermeira brit\u00e2nica Florence Nightingale, nascida nesta data em 1820. Ela \u00e9 considerada um marco para a enfermagem, pois dedicou toda a sua vida a cuidar dos enfermos em hospitais e asilos. Ela foi uma das primeiras adeptas da lavagem das m\u00e3os e da limpeza dos objetos.<\/p>\n\n\n\n<p><em>(Texto\/Imagem: TVTEC)<\/em><\/p>\n","protected":false},"excerpt":{"rendered":"<p>Respons\u00e1vel pela UBS Hortol\u00e2ndia, Leonard Cabral p\u00f4de vacinar a m\u00e3e de 71 anos<\/p>\n","protected":false},"author":28,"featured_media":75663,"comment_status":"closed","ping_status":"closed","sticky":false,"template":"","format":"standard","meta":{"footnotes":""},"categories":[8356,1],"tags":[],"class_list":["post-75654","post","type-post","status-publish","format-standard","has-post-thumbnail","hentry","category-jundiai","category-noticias"],"_links":{"self":[{"href":"https:\/\/tvtecjundiai.com.br\/news\/wp-json\/wp\/v2\/posts\/75654","targetHints":{"allow":["GET"]}}],"collection":[{"href":"https:\/\/tvtecjundiai.com.br\/news\/wp-json\/wp\/v2\/posts"}],"about":[{"href":"https:\/\/tvtecjundiai.com.br\/news\/wp-json\/wp\/v2\/types\/post"}],"author":[{"embeddable":true,"href":"https:\/\/tvtecjundiai.com.br\/news\/wp-json\/wp\/v2\/users\/28"}],"replies":[{"embeddable":true,"href":"https:\/\/tvtecjundiai.com.br\/news\/wp-json\/wp\/v2\/comments?post=75654"}],"version-history":[{"count":1,"href":"https:\/\/tvtecjundiai.com.br\/news\/wp-json\/wp\/v2\/posts\/75654\/revisions"}],"predecessor-version":[{"id":75657,"href":"https:\/\/tvtecjundiai.com.br\/news\/wp-json\/wp\/v2\/posts\/75654\/revisions\/75657"}],"wp:featuredmedia":[{"embeddable":true,"href":"https:\/\/tvtecjundiai.com.br\/news\/wp-json\/wp\/v2\/media\/75663"}],"wp:attachment":[{"href":"https:\/\/tvtecjundiai.com.br\/news\/wp-json\/wp\/v2\/media?parent=75654"}],"wp:term":[{"taxonomy":"category","embeddable":true,"href":"https:\/\/tvtecjundiai.com.br\/news\/wp-json\/wp\/v2\/categories?post=75654"},{"taxonomy":"post_tag","embeddable":true,"href":"https:\/\/tvtecjundiai.com.br\/news\/wp-json\/wp\/v2\/tags?post=75654"}],"curies":[{"name":"wp","href":"https:\/\/api.w.org\/{rel}","templated":true}]}}