{"id":75671,"date":"2021-05-12T17:06:01","date_gmt":"2021-05-12T20:06:01","guid":{"rendered":"https:\/\/tvtecjundiai.com.br\/news\/?p=75671"},"modified":"2021-05-12T17:27:45","modified_gmt":"2021-05-12T20:27:45","slug":"hospital-sao-vicente-de-paulo-homenageia-profissionais-da-saude-2","status":"publish","type":"post","link":"https:\/\/tvtecjundiai.com.br\/news\/2021\/05\/12\/hospital-sao-vicente-de-paulo-homenageia-profissionais-da-saude-2\/","title":{"rendered":"Dia da Enfermagem: Hospital S\u00e3o Vicente homenageia colaboradores"},"content":{"rendered":"\n<p>Celebrado no dia 12 de maio, o Dia Internacional do Profissional da Sa\u00fade e da Enfermagem \u00e9 mais uma data comemorativa que ressalta com respeito, admira\u00e7\u00e3o e amor, a import\u00e2ncia do trabalho de todos os profissionais das equipes do Hospital de Caridade S\u00e3o Vicente de Paulo (HSV), sobretudo em meio a pandemia da COVID-19. Como forma de agradecer e homenagear aos colaboradores que se dedicam diariamente em suas fun\u00e7\u00f5es, o Time de Humaniza\u00e7\u00e3o da institui\u00e7\u00e3o preparou diversas a\u00e7\u00f5es ao longo do dia para que este ano&nbsp;fosse ainda mais especial para os profissionais de sa\u00fade.<\/p>\n\n\n\n<p>Entre as iniciativas desenvolvidas pelo time est\u00e1 a entrega de&nbsp;<em>necessaires<\/em>, que foram distribu\u00eddas aos colaboradores no in\u00edcio da manh\u00e3 durante a troca de plant\u00f5es. No refeit\u00f3rio, o card\u00e1pio foi especial, com direito a m\u00fasica ao vivo. Para viabilizar a a\u00e7\u00e3o, diversas empresas apoiaram a iniciativa, entre elas Era &amp; Nagoshi Advocacia, Construtora Operacional, Ecolab, Laborat\u00f3rio AFIP, Prolife Equipamentos M\u00e9dicos, UNIODONTO, FAMATUR Fretados, Am\u00e9rica Esquadrias, Fresenius Kabi Brasil e Talkon Solu\u00e7\u00f5es em Telecom. Todas as atividades se repetem nesta quinta, dia 13.<\/p>\n\n\n\n<p>Jaqueline Costa de Oliveira, enfermeira da cl\u00ednica de ortopedia, agradece o gesto de reconhecimento. \u201cGostei muito da atitude que o time teve em entregar essas necessaries \u00e0 todos, agrade\u00e7o ao hospital por demonstrar reconhecimento e admira\u00e7\u00e3o pelo nosso trabalho na linha de frente, por mostrar que se importa conosco!\u201d.<\/p>\n\n\n\n<div class=\"wp-block-image\"><figure class=\"aligncenter size-large\"><img loading=\"lazy\" decoding=\"async\" width=\"370\" height=\"424\" src=\"https:\/\/tvtecjundiai.com.br\/news\/wp-content\/uploads\/sites\/2\/2021\/05\/image003.jpg\" alt=\"\" class=\"wp-image-75672\" srcset=\"https:\/\/tvtecjundiai.com.br\/news\/wp-content\/uploads\/sites\/2\/2021\/05\/image003.jpg 370w, https:\/\/tvtecjundiai.com.br\/news\/wp-content\/uploads\/sites\/2\/2021\/05\/image003-300x344.jpg 300w\" sizes=\"auto, (max-width: 370px) 100vw, 370px\" \/><\/figure><\/div>\n\n\n\n<p>A presidente do Time de Humaniza\u00e7\u00e3o, Viviane Rasera, explica com carinho o objetivo dessas a\u00e7\u00f5es. \u201c\u00c9 uma das datas mais importantes do ano, pois parabenizamos todos os nossos profissionais, sem exce\u00e7\u00e3o. A inten\u00e7\u00e3o \u00e9 transmitir nosso reconhecimento e gratid\u00e3o \u00e0 todos que salvam vidas diariamente. Inclusive essa foi a mensagem enviada por todas as empresas parceiras que nos apoiaram com doa\u00e7\u00f5es de presentes para o sorteio: \u2018sabemos que n\u00e3o existem palavras suficientes para agradecer ao trabalho que todos estes profissionais realizaram durante um per\u00edodo t\u00e3o complicado. Por isso \u00e9 um grande prazer para n\u00f3s poder participar desse momento t\u00e3o especial\u00b4.&nbsp;Esperamos que os colaboradores sintam-se parabenizados e honrados por serem nossos her\u00f3is da sa\u00fade!\u201d.<\/p>\n\n\n\n<div class=\"wp-block-image\"><figure class=\"aligncenter size-large\"><img loading=\"lazy\" decoding=\"async\" width=\"370\" height=\"336\" src=\"https:\/\/tvtecjundiai.com.br\/news\/wp-content\/uploads\/sites\/2\/2021\/05\/image004.jpg\" alt=\"\" class=\"wp-image-75673\" srcset=\"https:\/\/tvtecjundiai.com.br\/news\/wp-content\/uploads\/sites\/2\/2021\/05\/image004.jpg 370w, https:\/\/tvtecjundiai.com.br\/news\/wp-content\/uploads\/sites\/2\/2021\/05\/image004-300x272.jpg 300w\" sizes=\"auto, (max-width: 370px) 100vw, 370px\" \/><\/figure><\/div>\n\n\n\n<p>Ana Paulo Maso, colaboradora da equipe de Farm\u00e1cia, ressalta a import\u00e2ncia da iniciativa. \u201c\u00c9 de muito valor a atitude do hospital com todos os colaboradores, pois n\u00e3o somente as equipes de enfermagem, mas os demais profissionais tamb\u00e9m est\u00e3o nessa batalha diariamente. Todos merecem reconhecimento e aplausos por este dia, todos que est\u00e3o h\u00e1 um ano nesta luta contra o v\u00edrus, que est\u00e3o h\u00e1 um ano sem poder abra\u00e7ar a fam\u00edlia e ainda sim se esfor\u00e7ando para salvar muitas vidas e cumprir suas atividades di\u00e1rias\u201d.<\/p>\n\n\n\n<p>A secret\u00e1ria da cl\u00ednica cir\u00fargica II, Let\u00edcia Mariana Guido, compartilha o sentimento deste dia repleto de homenagens. \u201cMe sinto prestigiada com todas as a\u00e7\u00f5es que o time preparou para n\u00f3s, com certeza nos d\u00e3o for\u00e7as e \u00e2nimo para continuar esta caminhada\u201d.<\/p>\n\n\n\n<p><em>(Texto\/Imagem: Assessoria de Imprensa)<\/em><\/p>\n","protected":false},"excerpt":{"rendered":"<p>Time de Humaniza\u00e7\u00e3o da institui\u00e7\u00e3o preparou diversas a\u00e7\u00f5es ao longo do dia para colaboradores<\/p>\n","protected":false},"author":28,"featured_media":75681,"comment_status":"closed","ping_status":"closed","sticky":false,"template":"","format":"standard","meta":{"footnotes":""},"categories":[8356,1],"tags":[],"class_list":["post-75671","post","type-post","status-publish","format-standard","has-post-thumbnail","hentry","category-jundiai","category-noticias"],"_links":{"self":[{"href":"https:\/\/tvtecjundiai.com.br\/news\/wp-json\/wp\/v2\/posts\/75671","targetHints":{"allow":["GET"]}}],"collection":[{"href":"https:\/\/tvtecjundiai.com.br\/news\/wp-json\/wp\/v2\/posts"}],"about":[{"href":"https:\/\/tvtecjundiai.com.br\/news\/wp-json\/wp\/v2\/types\/post"}],"author":[{"embeddable":true,"href":"https:\/\/tvtecjundiai.com.br\/news\/wp-json\/wp\/v2\/users\/28"}],"replies":[{"embeddable":true,"href":"https:\/\/tvtecjundiai.com.br\/news\/wp-json\/wp\/v2\/comments?post=75671"}],"version-history":[{"count":2,"href":"https:\/\/tvtecjundiai.com.br\/news\/wp-json\/wp\/v2\/posts\/75671\/revisions"}],"predecessor-version":[{"id":75677,"href":"https:\/\/tvtecjundiai.com.br\/news\/wp-json\/wp\/v2\/posts\/75671\/revisions\/75677"}],"wp:featuredmedia":[{"embeddable":true,"href":"https:\/\/tvtecjundiai.com.br\/news\/wp-json\/wp\/v2\/media\/75681"}],"wp:attachment":[{"href":"https:\/\/tvtecjundiai.com.br\/news\/wp-json\/wp\/v2\/media?parent=75671"}],"wp:term":[{"taxonomy":"category","embeddable":true,"href":"https:\/\/tvtecjundiai.com.br\/news\/wp-json\/wp\/v2\/categories?post=75671"},{"taxonomy":"post_tag","embeddable":true,"href":"https:\/\/tvtecjundiai.com.br\/news\/wp-json\/wp\/v2\/tags?post=75671"}],"curies":[{"name":"wp","href":"https:\/\/api.w.org\/{rel}","templated":true}]}}