{"id":75685,"date":"2021-05-12T18:29:31","date_gmt":"2021-05-12T21:29:31","guid":{"rendered":"https:\/\/tvtecjundiai.com.br\/news\/?p=75685"},"modified":"2021-05-12T18:39:01","modified_gmt":"2021-05-12T21:39:01","slug":"jundiai-deve-receber-mais-13-385-doses-da-vacina-astra-zeneca-nesta-quinta-feira-13","status":"publish","type":"post","link":"https:\/\/tvtecjundiai.com.br\/news\/2021\/05\/12\/jundiai-deve-receber-mais-13-385-doses-da-vacina-astra-zeneca-nesta-quinta-feira-13\/","title":{"rendered":"Jundia\u00ed deve receber mais 13.385 doses da vacina Astra-Zeneca nesta quinta-feira (13)"},"content":{"rendered":"\n<p>O gestor em Promo\u00e7\u00e3o da Sa\u00fade da Prefeitura de Jundia\u00ed, Tiago Texera, anunciou nesta quarta-feira (12) que a prefeitura deve buscar mais 13.385 doses da vacina Astra-Zeneca na quinta-feira (13), a partir das 13h.<\/p>\n\n\n\n<p>O p\u00fablico alvo deste lote de vacinas dever\u00e3o ser as pessoas com comorbidade, de 50 a 54 anos, destinados para a primeira dose.<\/p>\n\n\n\n<p>J\u00e1 a segunda dose dever\u00e1 ser destinada aos grupos de 85 a 89 anos e 80 a 84 anos. Os dois grupos receberam a primeira dose da vacina h\u00e1 cerca de tr\u00eas meses atr\u00e1s. O agendamento das vacinas ainda ser\u00e1 divulgado pela Prefeitura de Jundia\u00ed.<\/p>\n\n\n\n<p>O gestor tamb\u00e9m lembrou que a cidade de Jundia\u00ed est\u00e1 h\u00e1 14 meses no enfrentamento da pandemia. At\u00e9 o momento 128.224 pessoas foram vacinadas contra a COVID-19 em Jundia\u00ed.<\/p>\n\n\n\n<p><em>(Texto\/Imagem: TVTEC)<\/em><\/p>\n","protected":false},"excerpt":{"rendered":"<p>O agendamento das vacinas ainda ser\u00e1 divulgado pela Prefeitura de Jundia\u00ed<\/p>\n","protected":false},"author":28,"featured_media":72986,"comment_status":"closed","ping_status":"closed","sticky":false,"template":"","format":"standard","meta":{"footnotes":""},"categories":[8356,1],"tags":[],"class_list":["post-75685","post","type-post","status-publish","format-standard","has-post-thumbnail","hentry","category-jundiai","category-noticias"],"_links":{"self":[{"href":"https:\/\/tvtecjundiai.com.br\/news\/wp-json\/wp\/v2\/posts\/75685","targetHints":{"allow":["GET"]}}],"collection":[{"href":"https:\/\/tvtecjundiai.com.br\/news\/wp-json\/wp\/v2\/posts"}],"about":[{"href":"https:\/\/tvtecjundiai.com.br\/news\/wp-json\/wp\/v2\/types\/post"}],"author":[{"embeddable":true,"href":"https:\/\/tvtecjundiai.com.br\/news\/wp-json\/wp\/v2\/users\/28"}],"replies":[{"embeddable":true,"href":"https:\/\/tvtecjundiai.com.br\/news\/wp-json\/wp\/v2\/comments?post=75685"}],"version-history":[{"count":3,"href":"https:\/\/tvtecjundiai.com.br\/news\/wp-json\/wp\/v2\/posts\/75685\/revisions"}],"predecessor-version":[{"id":75688,"href":"https:\/\/tvtecjundiai.com.br\/news\/wp-json\/wp\/v2\/posts\/75685\/revisions\/75688"}],"wp:featuredmedia":[{"embeddable":true,"href":"https:\/\/tvtecjundiai.com.br\/news\/wp-json\/wp\/v2\/media\/72986"}],"wp:attachment":[{"href":"https:\/\/tvtecjundiai.com.br\/news\/wp-json\/wp\/v2\/media?parent=75685"}],"wp:term":[{"taxonomy":"category","embeddable":true,"href":"https:\/\/tvtecjundiai.com.br\/news\/wp-json\/wp\/v2\/categories?post=75685"},{"taxonomy":"post_tag","embeddable":true,"href":"https:\/\/tvtecjundiai.com.br\/news\/wp-json\/wp\/v2\/tags?post=75685"}],"curies":[{"name":"wp","href":"https:\/\/api.w.org\/{rel}","templated":true}]}}