{"id":75693,"date":"2021-05-12T18:53:43","date_gmt":"2021-05-12T21:53:43","guid":{"rendered":"https:\/\/tvtecjundiai.com.br\/news\/?p=75693"},"modified":"2021-05-12T18:53:43","modified_gmt":"2021-05-12T21:53:43","slug":"dia-da-enfermagem-profissionais-estao-na-linha-de-frente-contra-o-coronavirus","status":"publish","type":"post","link":"https:\/\/tvtecjundiai.com.br\/news\/2021\/05\/12\/dia-da-enfermagem-profissionais-estao-na-linha-de-frente-contra-o-coronavirus\/","title":{"rendered":"Dia da Enfermagem: Profissionais est\u00e3o na \u2018linha de frente\u2019 contra o Coronav\u00edrus"},"content":{"rendered":"\n<p>Enfermeiros, t\u00e9cnicos e auxiliares de enfermagem somam quase 500 profissionais entre os equipamentos de Sa\u00fade da Prefeitura de Jundia\u00ed. Eles formam a primeira linha de enfrentamento \u00e0 pandemia do Novo Coronav\u00edrus, cuidando da popula\u00e7\u00e3o com profissionalismo, carinho e aten\u00e7\u00e3o. Neste Dia da Enfermagem, a Prefeitura de Jundia\u00ed presta homenagem aos integrantes dos servi\u00e7os da Unidade de Gest\u00e3o de Promo\u00e7\u00e3o da Sa\u00fade (UGPS).<\/p>\n\n\n\n<p>\u201cAgradecimento \u00e9 a palavra que resume o sentimento a esses profissionais, que desde o in\u00edcio da pandemia se empenham de corpo e alma para oferecer o melhor para a popula\u00e7\u00e3o. Atuando no atendimento direto para os casos de COVID-19 ou nos atendimentos das demais necessidades em Sa\u00fade\u201d, comenta o prefeito Luiz Fernando Machado.<\/p>\n\n\n\n<figure class=\"wp-block-image size-large\"><img loading=\"lazy\" decoding=\"async\" width=\"1200\" height=\"801\" src=\"https:\/\/tvtecjundiai.com.br\/news\/wp-content\/uploads\/sites\/2\/2021\/05\/vacinacao_covid_parque_da_uva-55-1200x801.jpg\" alt=\"\" class=\"wp-image-75694\" srcset=\"https:\/\/tvtecjundiai.com.br\/news\/wp-content\/uploads\/sites\/2\/2021\/05\/vacinacao_covid_parque_da_uva-55-1200x801.jpg 1200w, https:\/\/tvtecjundiai.com.br\/news\/wp-content\/uploads\/sites\/2\/2021\/05\/vacinacao_covid_parque_da_uva-55-300x200.jpg 300w, https:\/\/tvtecjundiai.com.br\/news\/wp-content\/uploads\/sites\/2\/2021\/05\/vacinacao_covid_parque_da_uva-55-768x512.jpg 768w, https:\/\/tvtecjundiai.com.br\/news\/wp-content\/uploads\/sites\/2\/2021\/05\/vacinacao_covid_parque_da_uva-55.jpg 1280w\" sizes=\"auto, (max-width: 1200px) 100vw, 1200px\" \/><figcaption>Enfermeiros, t\u00e9cnicos e auxiliares de enfermagem formam a linha de frente no combate \u00e0 pandemia<\/figcaption><\/figure>\n\n\n\n<p>A Prefeitura de Jundia\u00ed conta com profissionais da categoria com mais de d\u00e9cadas de servi\u00e7o p\u00fablico e outros que ingressaram h\u00e1 poucos meses na casa. \u201cAo todo, a Sa\u00fade p\u00fablica de Jundia\u00ed conta com 485 enfermeiros, t\u00e9cnicos de enfermagem e auxiliares de enfermagem distribu\u00eddos entre as 35 Unidades B\u00e1sicas de Sa\u00fade e Novas UBSs, Cl\u00ednica da Fam\u00edlia, ambulat\u00f3rios, centros de especialidade, prontos atendimentos e Unidades Sentinelas. S\u00e3o eles que est\u00e3o na lida di\u00e1ria do servi\u00e7o, que recebem a demanda da popula\u00e7\u00e3o, acolhem e direcionam. Formam a linha de frente da \u201c, comenta o gestor da Unidade de Gest\u00e3o de Promo\u00e7\u00e3o da Sa\u00fade (UGPS) Tiago Texera.<\/p>\n\n\n\n<p>Gleice Luiza de Frias Santos, enfermeira gerente da Nova UBS Maring\u00e1, tem seis anos de servi\u00e7o municipal da Prefeitura de Jundia\u00ed. A proximidade com a popula\u00e7\u00e3o facilita o trabalho com os usu\u00e1rios e estabelece v\u00ednculos. \u201cDurante a pandemia tivemos muitos desafios desencadeados por essa nova doen\u00e7a. As pessoas est\u00e3o com medo e encontram na UBS, nas equipes de enfermagem, o ponto de apoio. O carinho e a aten\u00e7\u00e3o que fazem parte da profiss\u00e3o s\u00e3o os caminhos para auxiliar a popula\u00e7\u00e3o neste momento\u201d, comenta.<\/p>\n\n\n\n<p><em>(Texto\/Imagem: Prefeitura de Jundia\u00ed)<\/em><\/p>\n","protected":false},"excerpt":{"rendered":"<p>Eles formam a primeira linha de enfrentamento \u00e0 pandemia do Novo Coronav\u00edrus<\/p>\n","protected":false},"author":28,"featured_media":75694,"comment_status":"closed","ping_status":"closed","sticky":false,"template":"","format":"standard","meta":{"footnotes":""},"categories":[8356,1],"tags":[],"class_list":["post-75693","post","type-post","status-publish","format-standard","has-post-thumbnail","hentry","category-jundiai","category-noticias"],"_links":{"self":[{"href":"https:\/\/tvtecjundiai.com.br\/news\/wp-json\/wp\/v2\/posts\/75693","targetHints":{"allow":["GET"]}}],"collection":[{"href":"https:\/\/tvtecjundiai.com.br\/news\/wp-json\/wp\/v2\/posts"}],"about":[{"href":"https:\/\/tvtecjundiai.com.br\/news\/wp-json\/wp\/v2\/types\/post"}],"author":[{"embeddable":true,"href":"https:\/\/tvtecjundiai.com.br\/news\/wp-json\/wp\/v2\/users\/28"}],"replies":[{"embeddable":true,"href":"https:\/\/tvtecjundiai.com.br\/news\/wp-json\/wp\/v2\/comments?post=75693"}],"version-history":[{"count":1,"href":"https:\/\/tvtecjundiai.com.br\/news\/wp-json\/wp\/v2\/posts\/75693\/revisions"}],"predecessor-version":[{"id":75695,"href":"https:\/\/tvtecjundiai.com.br\/news\/wp-json\/wp\/v2\/posts\/75693\/revisions\/75695"}],"wp:featuredmedia":[{"embeddable":true,"href":"https:\/\/tvtecjundiai.com.br\/news\/wp-json\/wp\/v2\/media\/75694"}],"wp:attachment":[{"href":"https:\/\/tvtecjundiai.com.br\/news\/wp-json\/wp\/v2\/media?parent=75693"}],"wp:term":[{"taxonomy":"category","embeddable":true,"href":"https:\/\/tvtecjundiai.com.br\/news\/wp-json\/wp\/v2\/categories?post=75693"},{"taxonomy":"post_tag","embeddable":true,"href":"https:\/\/tvtecjundiai.com.br\/news\/wp-json\/wp\/v2\/tags?post=75693"}],"curies":[{"name":"wp","href":"https:\/\/api.w.org\/{rel}","templated":true}]}}