{"id":75703,"date":"2021-05-13T12:24:28","date_gmt":"2021-05-13T15:24:28","guid":{"rendered":"https:\/\/tvtecjundiai.com.br\/news\/?p=75703"},"modified":"2021-05-13T12:24:49","modified_gmt":"2021-05-13T15:24:49","slug":"auxilio-emergencial-caixa-antecipa-pagamentos-da-2a-parcela-do-beneficio","status":"publish","type":"post","link":"https:\/\/tvtecjundiai.com.br\/news\/2021\/05\/13\/auxilio-emergencial-caixa-antecipa-pagamentos-da-2a-parcela-do-beneficio\/","title":{"rendered":"Aux\u00edlio Emergencial: Caixa antecipa pagamentos da 2\u00aa parcela do benef\u00edcio"},"content":{"rendered":"\n<p>A Caixa Econ\u00f4mica Federal (CEF) vai antecipar os pagamentos da segunda parcela do Aux\u00edlio Emergencial para os trabalhadores fora do Bolsa Fam\u00edlia, segundo comunicado divulgado nesta quinta-feira (13). Para quem faz parte do Bolsa, o calend\u00e1rio n\u00e3o muda.<\/p>\n\n\n\n<p>Os pagamentos come\u00e7ar\u00e3o no dia 16 de maio para os benefici\u00e1rios nascidos em janeiro \u2013 como previsto no calend\u00e1rio original \u2013 mas ser\u00e3o antecipados para os nascidos nos demais meses. Dessa forma, os pagamentos, que deveriam seguir at\u00e9 dia 16 de junho, ser\u00e3o encerrados em 30 de maio, quando os trabalhadores nascidos em dezembro receber\u00e3o a segunda parcela.<\/p>\n\n\n\n<p>Com a mudan\u00e7a, a Caixa tamb\u00e9m vai antecipar o calend\u00e1rio de libera\u00e7\u00e3o de saques e transfer\u00eancias da 2\u00aa parcela do aux\u00edlio para este p\u00fablico, que agora ir\u00e1 de 31 de maio a 17 de junho \u2013 antes, as libera\u00e7\u00f5es estavam previstas para acontecer entre 8 de junho e 8 de julho.<\/p>\n\n\n\n<p><strong>Veja as novas datas nos calend\u00e1rios abaixo:<\/strong><\/p>\n\n\n\n<div class=\"wp-block-image\"><figure class=\"aligncenter size-large\"><img loading=\"lazy\" decoding=\"async\" width=\"1008\" height=\"765\" src=\"https:\/\/tvtecjundiai.com.br\/news\/wp-content\/uploads\/sites\/2\/2021\/05\/captura-de-tela-2021-05-13-as-08.13.35.jpg\" alt=\"\" class=\"wp-image-75704\" srcset=\"https:\/\/tvtecjundiai.com.br\/news\/wp-content\/uploads\/sites\/2\/2021\/05\/captura-de-tela-2021-05-13-as-08.13.35.jpg 1008w, https:\/\/tvtecjundiai.com.br\/news\/wp-content\/uploads\/sites\/2\/2021\/05\/captura-de-tela-2021-05-13-as-08.13.35-300x228.jpg 300w, https:\/\/tvtecjundiai.com.br\/news\/wp-content\/uploads\/sites\/2\/2021\/05\/captura-de-tela-2021-05-13-as-08.13.35-768x583.jpg 768w\" sizes=\"auto, (max-width: 1008px) 100vw, 1008px\" \/><\/figure><\/div>\n\n\n\n<div class=\"wp-block-image\"><figure class=\"aligncenter size-large\"><img loading=\"lazy\" decoding=\"async\" width=\"1008\" height=\"829\" src=\"https:\/\/tvtecjundiai.com.br\/news\/wp-content\/uploads\/sites\/2\/2021\/05\/captura-de-tela-2021-05-13-as-08.21.19.jpg\" alt=\"\" class=\"wp-image-75705\" srcset=\"https:\/\/tvtecjundiai.com.br\/news\/wp-content\/uploads\/sites\/2\/2021\/05\/captura-de-tela-2021-05-13-as-08.21.19.jpg 1008w, https:\/\/tvtecjundiai.com.br\/news\/wp-content\/uploads\/sites\/2\/2021\/05\/captura-de-tela-2021-05-13-as-08.21.19-300x247.jpg 300w, https:\/\/tvtecjundiai.com.br\/news\/wp-content\/uploads\/sites\/2\/2021\/05\/captura-de-tela-2021-05-13-as-08.21.19-768x632.jpg 768w\" sizes=\"auto, (max-width: 1008px) 100vw, 1008px\" \/><\/figure><\/div>\n\n\n\n<p><em>(Fonte: G1\/Imagem: Divulga\u00e7\u00e3o)<\/em><\/p>\n","protected":false},"excerpt":{"rendered":"<p>In\u00edcio dos pagamentos ser\u00e1 dia 16 de maio, mas todos os benefici\u00e1rios receber\u00e3o a parcela ainda no m\u00eas de maio<\/p>\n","protected":false},"author":25,"featured_media":75706,"comment_status":"closed","ping_status":"closed","sticky":false,"template":"","format":"standard","meta":{"footnotes":""},"categories":[1],"tags":[],"class_list":["post-75703","post","type-post","status-publish","format-standard","has-post-thumbnail","hentry","category-noticias"],"_links":{"self":[{"href":"https:\/\/tvtecjundiai.com.br\/news\/wp-json\/wp\/v2\/posts\/75703","targetHints":{"allow":["GET"]}}],"collection":[{"href":"https:\/\/tvtecjundiai.com.br\/news\/wp-json\/wp\/v2\/posts"}],"about":[{"href":"https:\/\/tvtecjundiai.com.br\/news\/wp-json\/wp\/v2\/types\/post"}],"author":[{"embeddable":true,"href":"https:\/\/tvtecjundiai.com.br\/news\/wp-json\/wp\/v2\/users\/25"}],"replies":[{"embeddable":true,"href":"https:\/\/tvtecjundiai.com.br\/news\/wp-json\/wp\/v2\/comments?post=75703"}],"version-history":[{"count":2,"href":"https:\/\/tvtecjundiai.com.br\/news\/wp-json\/wp\/v2\/posts\/75703\/revisions"}],"predecessor-version":[{"id":75708,"href":"https:\/\/tvtecjundiai.com.br\/news\/wp-json\/wp\/v2\/posts\/75703\/revisions\/75708"}],"wp:featuredmedia":[{"embeddable":true,"href":"https:\/\/tvtecjundiai.com.br\/news\/wp-json\/wp\/v2\/media\/75706"}],"wp:attachment":[{"href":"https:\/\/tvtecjundiai.com.br\/news\/wp-json\/wp\/v2\/media?parent=75703"}],"wp:term":[{"taxonomy":"category","embeddable":true,"href":"https:\/\/tvtecjundiai.com.br\/news\/wp-json\/wp\/v2\/categories?post=75703"},{"taxonomy":"post_tag","embeddable":true,"href":"https:\/\/tvtecjundiai.com.br\/news\/wp-json\/wp\/v2\/tags?post=75703"}],"curies":[{"name":"wp","href":"https:\/\/api.w.org\/{rel}","templated":true}]}}