{"id":75713,"date":"2021-05-13T14:05:44","date_gmt":"2021-05-13T17:05:44","guid":{"rendered":"https:\/\/tvtecjundiai.com.br\/news\/?p=75713"},"modified":"2021-05-13T14:09:45","modified_gmt":"2021-05-13T17:09:45","slug":"temperatura-chega-a-12c-em-jundiai-nesta-quinta-feira-1","status":"publish","type":"post","link":"https:\/\/tvtecjundiai.com.br\/news\/2021\/05\/13\/temperatura-chega-a-12c-em-jundiai-nesta-quinta-feira-1\/","title":{"rendered":"Temperatura chega a 12\u00b0C em Jundia\u00ed nesta quinta-feira (13)"},"content":{"rendered":"\n<p>Jundia\u00ed registrou uma das temperaturas mais baixas do ano na madrugada e na manh\u00e3 desta quinta-feira (13).<\/p>\n\n\n\n<p>Segundo o Centro Integrado de Informa\u00e7\u00f5es Agrometeorol\u00f3gicas (Ciiagro), durante a manh\u00e3, o term\u00f4metro chegou a 12,6\u00b0C na cidade.<\/p>\n\n\n\n<p>A chuva tamb\u00e9m ajudou a derrubar as temperaturas. Jundia\u00ed registrou 22 mil\u00edmetros nas \u00faltimas 24 horas.<\/p>\n\n\n\n<p>Itapetininga (SP) tamb\u00e9m chegou a 12,6\u00b0C nesta quinta-feira. J\u00e1 em Itarar\u00e9 (SP) fez mais frio ainda, chegando a 10,2\u00b0C. Piraju (SP) alcan\u00e7ou 11,7\u00b0C.<\/p>\n\n\n\n<figure class=\"wp-block-image size-large\"><img loading=\"lazy\" decoding=\"async\" width=\"1200\" height=\"900\" src=\"https:\/\/tvtecjundiai.com.br\/news\/wp-content\/uploads\/sites\/2\/2021\/05\/WhatsApp-Image-2021-05-13-at-14.03.06-1200x900.jpeg\" alt=\"\" class=\"wp-image-75715\" srcset=\"https:\/\/tvtecjundiai.com.br\/news\/wp-content\/uploads\/sites\/2\/2021\/05\/WhatsApp-Image-2021-05-13-at-14.03.06-1200x900.jpeg 1200w, https:\/\/tvtecjundiai.com.br\/news\/wp-content\/uploads\/sites\/2\/2021\/05\/WhatsApp-Image-2021-05-13-at-14.03.06-300x225.jpeg 300w, https:\/\/tvtecjundiai.com.br\/news\/wp-content\/uploads\/sites\/2\/2021\/05\/WhatsApp-Image-2021-05-13-at-14.03.06-768x576.jpeg 768w, https:\/\/tvtecjundiai.com.br\/news\/wp-content\/uploads\/sites\/2\/2021\/05\/WhatsApp-Image-2021-05-13-at-14.03.06.jpeg 1280w\" sizes=\"auto, (max-width: 1200px) 100vw, 1200px\" \/><figcaption>Registro feito por Bruna Panzan na regi\u00e3o do Caxambu na manh\u00e3 desta quinta-feira (13)<\/figcaption><\/figure>\n\n\n\n<p>Em Sorocaba, conforme o Instituto Nacional de Meteorologia (Inmet), os term\u00f4metros bateram 14,3\u00b0C.<\/p>\n\n\n\n<p><em>(Texto: G1\/Imagem: TVTEC)<\/em><\/p>\n","protected":false},"excerpt":{"rendered":"<p>Cidade registrou uma das temperaturas mais baixas do ano nesta madrugada<\/p>\n","protected":false},"author":28,"featured_media":75715,"comment_status":"closed","ping_status":"closed","sticky":false,"template":"","format":"standard","meta":{"footnotes":""},"categories":[8356,1],"tags":[],"class_list":["post-75713","post","type-post","status-publish","format-standard","has-post-thumbnail","hentry","category-jundiai","category-noticias"],"_links":{"self":[{"href":"https:\/\/tvtecjundiai.com.br\/news\/wp-json\/wp\/v2\/posts\/75713","targetHints":{"allow":["GET"]}}],"collection":[{"href":"https:\/\/tvtecjundiai.com.br\/news\/wp-json\/wp\/v2\/posts"}],"about":[{"href":"https:\/\/tvtecjundiai.com.br\/news\/wp-json\/wp\/v2\/types\/post"}],"author":[{"embeddable":true,"href":"https:\/\/tvtecjundiai.com.br\/news\/wp-json\/wp\/v2\/users\/28"}],"replies":[{"embeddable":true,"href":"https:\/\/tvtecjundiai.com.br\/news\/wp-json\/wp\/v2\/comments?post=75713"}],"version-history":[{"count":3,"href":"https:\/\/tvtecjundiai.com.br\/news\/wp-json\/wp\/v2\/posts\/75713\/revisions"}],"predecessor-version":[{"id":75717,"href":"https:\/\/tvtecjundiai.com.br\/news\/wp-json\/wp\/v2\/posts\/75713\/revisions\/75717"}],"wp:featuredmedia":[{"embeddable":true,"href":"https:\/\/tvtecjundiai.com.br\/news\/wp-json\/wp\/v2\/media\/75715"}],"wp:attachment":[{"href":"https:\/\/tvtecjundiai.com.br\/news\/wp-json\/wp\/v2\/media?parent=75713"}],"wp:term":[{"taxonomy":"category","embeddable":true,"href":"https:\/\/tvtecjundiai.com.br\/news\/wp-json\/wp\/v2\/categories?post=75713"},{"taxonomy":"post_tag","embeddable":true,"href":"https:\/\/tvtecjundiai.com.br\/news\/wp-json\/wp\/v2\/tags?post=75713"}],"curies":[{"name":"wp","href":"https:\/\/api.w.org\/{rel}","templated":true}]}}