{"id":75718,"date":"2021-05-13T14:56:32","date_gmt":"2021-05-13T17:56:32","guid":{"rendered":"https:\/\/tvtecjundiai.com.br\/news\/?p=75718"},"modified":"2021-05-17T14:09:07","modified_gmt":"2021-05-17T17:09:07","slug":"covid-19-a-emocionante-superacao-de-big-chico-1","status":"publish","type":"post","link":"https:\/\/tvtecjundiai.com.br\/news\/2021\/05\/13\/covid-19-a-emocionante-superacao-de-big-chico-1\/","title":{"rendered":"COVID-19: A emocionante supera\u00e7\u00e3o de Big Chico"},"content":{"rendered":"\n<p>Quem n\u00e3o se lembra da emocionante hist\u00f3ria do cantor jundiaiense Big Chico, que venceu a COVID-19 em janeiro deste ano? O v\u00eddeo dele cantando \u2018Descobridor dos Sete Mares\u2019 de Tim Maia, com as enfermeiras ao seu redor, viralizou nas redes sociais e o cantor apareceu at\u00e9 mesmo no programa \u2018Fant\u00e1stico\u2019.<\/p>\n\n\n\n<p>Foram dois dias de UTI e 12 no quarto do Hospital S\u00e3o Vicente de Paulo, em Jundia\u00ed. Big Chico conta que foi de SAMU para o Hospital S\u00e3o Vicente. \u201cA\u00ed o m\u00e9dico na triagem j\u00e1 disse que eu teria que ir para a UTI. Eu ficava ali cantando na UTI, o pessoal gostava e tal. Fiquei dois dias na UTI, no terceiro dia fui para o quarto\u201d, lembra.<\/p>\n\n\n\n<p>Sempre cantando, o gaitista contagiou a todos com a sua alegria. \u201c\u00c0s vezes eu cantava, ficava ali cantando e tal. Ficava eu e um outro paciente. O outro paciente gostava, os pacientes gostavam\u201d. Foi ent\u00e3o que as enfermeiras combinaram com o cantor para que ele cantasse na sua alta. \u201cElas disseram: \u2018poxa que legal voc\u00ea cantando aqui, voc\u00ea vai cantar pra gente\u2019. A\u00ed eu falei \u2018demorou, vamo embora\u2019\u201d.<\/p>\n\n\n\n<div class=\"wp-block-image\"><figure class=\"aligncenter size-large is-resized\"><img loading=\"lazy\" decoding=\"async\" src=\"https:\/\/tvtecjundiai.com.br\/news\/wp-content\/uploads\/sites\/2\/2021\/05\/bigchico-1.jpg\" alt=\"\" class=\"wp-image-75720\" width=\"408\" height=\"613\" srcset=\"https:\/\/tvtecjundiai.com.br\/news\/wp-content\/uploads\/sites\/2\/2021\/05\/bigchico-1.jpg 511w, https:\/\/tvtecjundiai.com.br\/news\/wp-content\/uploads\/sites\/2\/2021\/05\/bigchico-1-300x451.jpg 300w\" sizes=\"auto, (max-width: 408px) 100vw, 408px\" \/><figcaption>O cantor Big Chico ficou 14 internado por conta da COVID-19<\/figcaption><\/figure><\/div>\n\n\n\n<p>Foi ent\u00e3o que no dia de sua alta, as enfermeiras do S\u00e3o Vicente decidiram filmar a performance do cantor. \u201cA\u00ed elas filmaram, mas eu jamais pensava que isso ia viralizar. Daqui a pouco come\u00e7ou a viralizar isso a\u00ed. 1 mil, 2 mil, 30 mil visualiza\u00e7\u00f5es. O pessoal come\u00e7ou a ligar da imprensa. A\u00ed o que eu mais fiquei surpresa foi que o pessoal do Fant\u00e1stico me ligou\u201d, se diverte o cantor.<\/p>\n\n\n\n<p>J\u00e1 recuperado, Big Chico ressalta a li\u00e7\u00e3o aprendida durante a quarentena. \u201cEu fiquei 14 dias sem ver o sol. Ent\u00e3o voc\u00ea acaba valorizando muito a vida simples\u201d, diz.<\/p>\n\n\n\n<p><em>(Texto: TVTEC\/Imagem: Arquivo Pessoal)<\/em><\/p>\n\n\n\n<figure class=\"wp-block-embed is-type-video is-provider-youtube wp-block-embed-youtube wp-embed-aspect-16-9 wp-has-aspect-ratio\"><div class=\"wp-block-embed__wrapper\">\n<iframe loading=\"lazy\" title=\"Big Chico venceu a COVID!\" width=\"500\" height=\"281\" src=\"https:\/\/www.youtube.com\/embed\/Rp3-6rW3xUA?feature=oembed\" frameborder=\"0\" allow=\"accelerometer; autoplay; clipboard-write; encrypted-media; gyroscope; picture-in-picture; web-share\" referrerpolicy=\"strict-origin-when-cross-origin\" allowfullscreen><\/iframe>\n<\/div><\/figure>\n","protected":false},"excerpt":{"rendered":"<p>Cantor jundiaiense emocionou a todos ao cantar Tim Maia em sua alta<\/p>\n","protected":false},"author":28,"featured_media":75931,"comment_status":"closed","ping_status":"closed","sticky":false,"template":"","format":"standard","meta":{"footnotes":""},"categories":[8356,1],"tags":[],"class_list":["post-75718","post","type-post","status-publish","format-standard","has-post-thumbnail","hentry","category-jundiai","category-noticias"],"_links":{"self":[{"href":"https:\/\/tvtecjundiai.com.br\/news\/wp-json\/wp\/v2\/posts\/75718","targetHints":{"allow":["GET"]}}],"collection":[{"href":"https:\/\/tvtecjundiai.com.br\/news\/wp-json\/wp\/v2\/posts"}],"about":[{"href":"https:\/\/tvtecjundiai.com.br\/news\/wp-json\/wp\/v2\/types\/post"}],"author":[{"embeddable":true,"href":"https:\/\/tvtecjundiai.com.br\/news\/wp-json\/wp\/v2\/users\/28"}],"replies":[{"embeddable":true,"href":"https:\/\/tvtecjundiai.com.br\/news\/wp-json\/wp\/v2\/comments?post=75718"}],"version-history":[{"count":1,"href":"https:\/\/tvtecjundiai.com.br\/news\/wp-json\/wp\/v2\/posts\/75718\/revisions"}],"predecessor-version":[{"id":75721,"href":"https:\/\/tvtecjundiai.com.br\/news\/wp-json\/wp\/v2\/posts\/75718\/revisions\/75721"}],"wp:featuredmedia":[{"embeddable":true,"href":"https:\/\/tvtecjundiai.com.br\/news\/wp-json\/wp\/v2\/media\/75931"}],"wp:attachment":[{"href":"https:\/\/tvtecjundiai.com.br\/news\/wp-json\/wp\/v2\/media?parent=75718"}],"wp:term":[{"taxonomy":"category","embeddable":true,"href":"https:\/\/tvtecjundiai.com.br\/news\/wp-json\/wp\/v2\/categories?post=75718"},{"taxonomy":"post_tag","embeddable":true,"href":"https:\/\/tvtecjundiai.com.br\/news\/wp-json\/wp\/v2\/tags?post=75718"}],"curies":[{"name":"wp","href":"https:\/\/api.w.org\/{rel}","templated":true}]}}