{"id":75726,"date":"2021-05-13T15:48:56","date_gmt":"2021-05-13T18:48:56","guid":{"rendered":"https:\/\/tvtecjundiai.com.br\/news\/?p=75726"},"modified":"2021-05-13T15:51:07","modified_gmt":"2021-05-13T18:51:07","slug":"uso-da-gaiola-muda-a-vida-dos-pacientes-do-hospital-sao-vicente-de-paulo-1","status":"publish","type":"post","link":"https:\/\/tvtecjundiai.com.br\/news\/2021\/05\/13\/uso-da-gaiola-muda-a-vida-dos-pacientes-do-hospital-sao-vicente-de-paulo-1\/","title":{"rendered":"Uso da &#8216;gaiola&#8217; muda a vida dos pacientes do Hospital S\u00e3o Vicente de Paulo"},"content":{"rendered":"\n<p>O m\u00e9dico ortopedista e especialista em reconstru\u00e7\u00e3o e alongamento \u00f3sseo, Dr. Ricardo Fruschein Annichino, \u00e9 mais um exemplo de profissional que resgata, por meio de sua profiss\u00e3o, a qualidade de vida de diversos pacientes em acompanhamento no Ambulat\u00f3rio de Fixador Externo do Hospital de Caridade S\u00e3o Vicente de Paulo (HSV), \u00fanica institui\u00e7\u00e3o da regi\u00e3o a oferecer o servi\u00e7o pelo Sistema \u00danico de Sa\u00fade (SUS).<\/p>\n\n\n\n<p>Conhecido popularmente como \u201cgaiola\u201d, o m\u00e9todo Ilizarov permite realizar a reconstru\u00e7\u00e3o e o alongamento \u00f3sseo por meio do fixador circular. \u201c\u00c9 natural que as pessoas pensem que esse tipo de recurso s\u00f3 \u00e9 utilizado em casos de acidentes, mas o impacto desse tratamento vai muito al\u00e9m disso. O fixador foi criado para tratar deformidades e sequelas, como por exemplo, uma infec\u00e7\u00e3o na perna ou uma infec\u00e7\u00e3o \u00f3ssea, al\u00e9m da pseudoartrose, quando uma fratura n\u00e3o apresenta a consolida\u00e7\u00e3o \u00f3ssea. Tamb\u00e9m conseguimos alongar um membro que seja menor que o outro\u201d.<\/p>\n\n\n\n<figure class=\"wp-block-image size-large\"><img loading=\"lazy\" decoding=\"async\" width=\"1200\" height=\"833\" src=\"https:\/\/tvtecjundiai.com.br\/news\/wp-content\/uploads\/sites\/2\/2021\/05\/Medico-e-paciente-cultivam-boa-relacao-1200x833.jpg\" alt=\"\" class=\"wp-image-75728\" srcset=\"https:\/\/tvtecjundiai.com.br\/news\/wp-content\/uploads\/sites\/2\/2021\/05\/Medico-e-paciente-cultivam-boa-relacao-1200x833.jpg 1200w, https:\/\/tvtecjundiai.com.br\/news\/wp-content\/uploads\/sites\/2\/2021\/05\/Medico-e-paciente-cultivam-boa-relacao-300x208.jpg 300w, https:\/\/tvtecjundiai.com.br\/news\/wp-content\/uploads\/sites\/2\/2021\/05\/Medico-e-paciente-cultivam-boa-relacao-768x533.jpg 768w, https:\/\/tvtecjundiai.com.br\/news\/wp-content\/uploads\/sites\/2\/2021\/05\/Medico-e-paciente-cultivam-boa-relacao.jpg 1280w\" sizes=\"auto, (max-width: 1200px) 100vw, 1200px\" \/><figcaption>Conhecido popularmente como \u201cgaiola\u201d, o m\u00e9todo Ilizarov permite realizar a reconstru\u00e7\u00e3o e o alongamento \u00f3sseo por meio do fixador circular<\/figcaption><\/figure>\n\n\n\n<p>Menos invasivo que outras t\u00e9cnicas, o Ilizarov substitui procedimentos envolvendo fixa\u00e7\u00e3o com hastes ou placas, possibilitando que a imobiliza\u00e7\u00e3o seja feita por fora do membro e n\u00e3o por dentro, evitando assim complica\u00e7\u00f5es e mantendo a estabilidade da fratura at\u00e9 a consolida\u00e7\u00e3o da mesma. Atualmente, o ambulat\u00f3rio atende por m\u00eas uma m\u00e9dia de 80 pacientes e dependendo da gravidade do caso, o tratamento pode perdurar por anos.<\/p>\n\n\n\n<p>\u201cA pessoa pode permanecer com o fixador por seis meses, um, dois ou tr\u00eas anos. Por isso, sempre falo que a resposta \u00e9 o tempo que for necess\u00e1rio. \u00c9 uma situa\u00e7\u00e3o diferente, atendemos pacientes de todas as idades com os mais diversos problemas e conseguimos reestabelecer os movimentos, dar uma nova oportunidade a essa pessoa. Em muitos munic\u00edpios, os mais afastados e com poucos recursos, muitas vezes a \u00fanica op\u00e7\u00e3o \u00e9 a amputa\u00e7\u00e3o\u201d, relata o m\u00e9dico.<\/p>\n\n\n\n<p><strong>Humaniza\u00e7\u00e3o<\/strong><\/p>\n\n\n\n<p>Considerada uma das principais diretrizes no atendimento prestado pelo HSV, a humaniza\u00e7\u00e3o \u00e9 pe\u00e7a chave na recupera\u00e7\u00e3o desses pacientes. Aos 15 anos, Dr. Ricardo sofreu um atropelamento e tamb\u00e9m precisou utilizar o fixador. O tratamento mudou a vida do m\u00e9dico, que seguiu na \u00e1rea para garantir que todos tivessem a mesma chance. \u201cInfelizmente tive complica\u00e7\u00f5es no tratamento, fiquei na cadeira de rodas durante um ano e usei o fixador, ent\u00e3o eu sei o impacto que isso tem na vida das pessoas\u201d, compartilha.<\/p>\n\n\n\n<p>O Wendrew Gustavo Gimenes, de 25 anos, sofreu um acidente de moto e utiliza o recurso h\u00e1 um ano e meio. Ap\u00f3s passar por diversos procedimentos, entre eles a t\u00e9cnica do enxerto \u00f3sseo, o paciente explica que tanto o acidente, como o acompanhamento que realiza no ambulat\u00f3rio, mudaram sua forma de enxergar o mundo. \u201cMesmo sendo em um momento de dificuldade, isso abriu meus olhos e me trouxe benef\u00edcios. Mudou de forma positiva as minhas rela\u00e7\u00f5es familiares e com os meus amigos. Aqui no ambulat\u00f3rio tamb\u00e9m fiz amizades com os m\u00e9dicos, com a equipe de enfermagem e todos sempre me deram muita for\u00e7a. Fica registrada minha gratid\u00e3o\u201d.<\/p>\n\n\n\n<p>\u201cEu me sinto respons\u00e1vel por cada um deles, desde o dia em que colocam a \u201cgaiola\u201d at\u00e9 a remo\u00e7\u00e3o da mesma. Existe um v\u00ednculo entre n\u00f3s, por isso sei onde eles trabalham, a rotina e detalhes da vida pessoal.&nbsp;Me emociono com v\u00e1rios casos, com a dedica\u00e7\u00e3o da equipe e com o esfor\u00e7o do paciente. O dia em que eles retiram o fixador, ficam emocionados, choram, nos enchem de abra\u00e7os, tiram foto,&nbsp;isso \u00e9 bem legal. \u00c9 humaniza\u00e7\u00e3o na pr\u00e1tica. Eu me sinto honrado, estou aqui pelo puro prazer de exercer a minha profiss\u00e3o\u201d, conclui.<\/p>\n\n\n\n<p><em>(Texto\/Imagens: Assessoria de Imprensa)<\/em><\/p>\n","protected":false},"excerpt":{"rendered":"<p>Ambulat\u00f3rio de Fixador Externo do HSV oferece o servi\u00e7o pelo Sistema \u00danico de Sa\u00fade (SUS)<\/p>\n","protected":false},"author":28,"featured_media":75728,"comment_status":"closed","ping_status":"closed","sticky":false,"template":"","format":"standard","meta":{"footnotes":""},"categories":[8356,1],"tags":[],"class_list":["post-75726","post","type-post","status-publish","format-standard","has-post-thumbnail","hentry","category-jundiai","category-noticias"],"_links":{"self":[{"href":"https:\/\/tvtecjundiai.com.br\/news\/wp-json\/wp\/v2\/posts\/75726","targetHints":{"allow":["GET"]}}],"collection":[{"href":"https:\/\/tvtecjundiai.com.br\/news\/wp-json\/wp\/v2\/posts"}],"about":[{"href":"https:\/\/tvtecjundiai.com.br\/news\/wp-json\/wp\/v2\/types\/post"}],"author":[{"embeddable":true,"href":"https:\/\/tvtecjundiai.com.br\/news\/wp-json\/wp\/v2\/users\/28"}],"replies":[{"embeddable":true,"href":"https:\/\/tvtecjundiai.com.br\/news\/wp-json\/wp\/v2\/comments?post=75726"}],"version-history":[{"count":2,"href":"https:\/\/tvtecjundiai.com.br\/news\/wp-json\/wp\/v2\/posts\/75726\/revisions"}],"predecessor-version":[{"id":75731,"href":"https:\/\/tvtecjundiai.com.br\/news\/wp-json\/wp\/v2\/posts\/75726\/revisions\/75731"}],"wp:featuredmedia":[{"embeddable":true,"href":"https:\/\/tvtecjundiai.com.br\/news\/wp-json\/wp\/v2\/media\/75728"}],"wp:attachment":[{"href":"https:\/\/tvtecjundiai.com.br\/news\/wp-json\/wp\/v2\/media?parent=75726"}],"wp:term":[{"taxonomy":"category","embeddable":true,"href":"https:\/\/tvtecjundiai.com.br\/news\/wp-json\/wp\/v2\/categories?post=75726"},{"taxonomy":"post_tag","embeddable":true,"href":"https:\/\/tvtecjundiai.com.br\/news\/wp-json\/wp\/v2\/tags?post=75726"}],"curies":[{"name":"wp","href":"https:\/\/api.w.org\/{rel}","templated":true}]}}