{"id":75730,"date":"2021-05-13T15:57:19","date_gmt":"2021-05-13T18:57:19","guid":{"rendered":"https:\/\/tvtecjundiai.com.br\/news\/?p=75730"},"modified":"2021-05-13T16:01:41","modified_gmt":"2021-05-13T19:01:41","slug":"enem-2021-devera-ficar-para-2022-diz-presidente-do-inep-ao-cne-1","status":"publish","type":"post","link":"https:\/\/tvtecjundiai.com.br\/news\/2021\/05\/13\/enem-2021-devera-ficar-para-2022-diz-presidente-do-inep-ao-cne-1\/","title":{"rendered":"Enem 2021 dever\u00e1 ficar para 2022, confirma Inep"},"content":{"rendered":"\n<p>O Exame Nacional do Ensino M\u00e9dio (Enem) 2021 dever\u00e1 ser aplicado s\u00f3 em janeiro de 2022. A informa\u00e7\u00e3o foi dada por Danilo Dupas Ribeiro, presidente do \u00f3rg\u00e3o respons\u00e1vel pela prova, ao Conselho Nacional de Educa\u00e7\u00e3o (CNE).<\/p>\n\n\n\n<p>A presidente do CNE, Maria Helena Guimar\u00e3es de Castro, confirmou a informa\u00e7\u00e3o. Segundo ela, Ribeiro afirmou que h\u00e1 problemas no or\u00e7amento para a realiza\u00e7\u00e3o da prova e que uma portaria dever\u00e1 ser publicada nesta sexta-feira (14) sobre o tema.<\/p>\n\n\n\n<p>A edi\u00e7\u00e3o anterior do Enem, a de 2020, tamb\u00e9m foi aplicada fora do ano previsto. A pandemia fez com que a prova fosse adiada para janeiro de 2021.<\/p>\n\n\n\n<figure class=\"wp-block-image size-large\"><img loading=\"lazy\" decoding=\"async\" width=\"984\" height=\"554\" src=\"https:\/\/tvtecjundiai.com.br\/news\/wp-content\/uploads\/sites\/2\/2021\/05\/117767898-enen-2019-fcpzzb200120-abr-5717.jpeg\" alt=\"\" class=\"wp-image-75732\" srcset=\"https:\/\/tvtecjundiai.com.br\/news\/wp-content\/uploads\/sites\/2\/2021\/05\/117767898-enen-2019-fcpzzb200120-abr-5717.jpeg 984w, https:\/\/tvtecjundiai.com.br\/news\/wp-content\/uploads\/sites\/2\/2021\/05\/117767898-enen-2019-fcpzzb200120-abr-5717-300x169.jpeg 300w, https:\/\/tvtecjundiai.com.br\/news\/wp-content\/uploads\/sites\/2\/2021\/05\/117767898-enen-2019-fcpzzb200120-abr-5717-768x432.jpeg 768w\" sizes=\"auto, (max-width: 984px) 100vw, 984px\" \/><figcaption>Realiza\u00e7\u00e3o do Enem em 2021 n\u00e3o est\u00e1 entre as metas do instituto respons\u00e1vel pela aplica\u00e7\u00e3o da prova<\/figcaption><\/figure>\n\n\n\n<p>Ribeiro \u00e9 presidente do Instituto Nacional de Estudos e Pesquisas Educacionais An\u00edsio Teixeira (Inep), autarquia do Minist\u00e9rio da Educa\u00e7\u00e3o (MEC) respons\u00e1vel pela prova. O CNE \u00e9 o \u00f3rg\u00e3o que assessora o MEC na elabora\u00e7\u00e3o de pol\u00edticas nacionais.<\/p>\n\n\n\n<p>Uma portaria publicada nesta quarta-feira (11) com as metas globais do n\u00e3o inclui a aplica\u00e7\u00e3o do Exame Nacional do Ensino M\u00e9dio (Enem) 2021, considerado o maior vestibular do pa\u00eds.<\/p>\n\n\n\n<p>Nesta semana, uma portaria publicada com as metas do ano para o Inep n\u00e3o previam a realiza\u00e7\u00e3o do exame, somente &#8220;planejamento e prepara\u00e7\u00e3o t\u00e9cnica&#8221;. Segundo o documento, elas foram elaboradas a partir da an\u00e1lise do Projeto de Lei Or\u00e7ament\u00e1ria Anual (PLOA).<\/p>\n\n\n\n<p>Outras provas feitas pelo Inep constam entre as metas com a descri\u00e7\u00e3o de &#8220;exames realizados&#8221;, como o Exame Nacional de Desempenho dos Estudantes (Enade), Certificado de Profici\u00eancia em L\u00edngua Portuguesa para Estrangeiros (Celpe-Bras) e Exame Nacional de Compet\u00eancias de Jovens e Adultos (Encceja). Tamb\u00e9m est\u00e3o previstas a realiza\u00e7\u00e3o do Censo do Ensino Superior e da Educa\u00e7\u00e3o B\u00e1sica.<\/p>\n\n\n\n<p>Em 2020, as metas globais foram publicadas no Boletim de Servi\u00e7o Eletr\u00f4nico do Inep em 6 de mar\u00e7o. Em outubro, uma nova portaria foi publicada excluindo a realiza\u00e7\u00e3o do Enem naquele ano. O exame foi adiado devido \u00e0 pandemia.<\/p>\n\n\n\n<p>Em 2019, a portaria com as metas do Inep foi publicada em 28 de fevereiro no &#8220;Di\u00e1rio Oficial da Uni\u00e3o&#8221;, e incluia a realiza\u00e7\u00e3o do Enem.<\/p>\n\n\n\n<p><strong>Realiza\u00e7\u00e3o do Enem 2021<\/strong><br>Questionado sobre a realiza\u00e7\u00e3o do Enem, o Inep enviou nota em que diz: &#8220;O Minist\u00e9rio da Educa\u00e7\u00e3o e o Instituto Nacional de Estudos e Pesquisas Educacionais An\u00edsio Teixeira (Inep) trabalham para realizar o Enem em 2021. O edital referente aos pedidos de isen\u00e7\u00e3o da taxa de inscri\u00e7\u00e3o j\u00e1 foi inclusive publicado. O sistema ser\u00e1 aberto para solicita\u00e7\u00f5es de isen\u00e7\u00e3o na pr\u00f3xima semana, em 17 de maio.&#8221;<\/p>\n\n\n\n<p>O edital ao qual o instituto se refere informa o prazo para pedir isen\u00e7\u00e3o, mas n\u00e3o estipula data da prova ou quando as inscri\u00e7\u00f5es ser\u00e3o abertas. \u00c0 \u00e9poca, a assessoria de comunica\u00e7\u00e3o do Inep informou por telefone ao G1 que ainda n\u00e3o havia uma data precisa porque estava avaliando os cen\u00e1rios da pandemia.<\/p>\n\n\n\n<p>Servidores do Inep afirmam que as metas globais est\u00e3o seguindo o or\u00e7amento dispon\u00edvel, e que poder\u00e1 ser revisto se houver libera\u00e7\u00e3o de cr\u00e9ditos. A rigor, avaliam, a aplica\u00e7\u00e3o deveria estar entre elas.<\/p>\n\n\n\n<p><strong>&#8216;Asfixia&#8217; no or\u00e7amento da educa\u00e7\u00e3o<\/strong><\/p>\n\n\n\n<p>A redu\u00e7\u00e3o or\u00e7ament\u00e1ria que atinge o Minist\u00e9rio da Educa\u00e7\u00e3o est\u00e1 colocando em xeque o funcionamento do ensino superior p\u00fablico.<\/p>\n\n\n\n<p>Em 11 anos, or\u00e7amento do MEC para as universidades federais caiu 37%, se considerada a corre\u00e7\u00e3o da infla\u00e7\u00e3o. A queda ocorre nas despesas discricion\u00e1rias, que excluem o pagamento de sal\u00e1rios e aposentadorias.<\/p>\n\n\n\n<p>O vice-reitor da Universidade Federal do Rio de Janeiro (UFRJ), Carlos Rocha, afirmou que &#8220;n\u00e3o d\u00e1 para manter&#8221; o funcionamento com o or\u00e7amento destinado \u00e0 institui\u00e7\u00e3o. J\u00e1 o reitor da Universidade Federal de Juiz de Fora (UFJF), Marcus David, afirmou em entrevista em abril que &#8220;a ci\u00eancia e a tecnologia acabaram&#8221;. A Universidade de Bras\u00edlia (UnB) informou que o caixa de recursos para investimentos em 2021 est\u00e1 zerado e que s\u00f3 h\u00e1 recursos de custeio, que s\u00e3o as despesas obrigat\u00f3rias.<\/p>\n\n\n\n<p><em>(Texto: G1\/Imagem: Ag\u00eancia Brasil)<\/em><\/p>\n","protected":false},"excerpt":{"rendered":"<p>Portaria com metas do instituto, publicada nesta semana, prev\u00ea &#8216;planejamento e prepara\u00e7\u00e3o t\u00e9cnica&#8217;<\/p>\n","protected":false},"author":28,"featured_media":75732,"comment_status":"closed","ping_status":"closed","sticky":false,"template":"","format":"standard","meta":{"footnotes":""},"categories":[8356,1],"tags":[],"class_list":["post-75730","post","type-post","status-publish","format-standard","has-post-thumbnail","hentry","category-jundiai","category-noticias"],"_links":{"self":[{"href":"https:\/\/tvtecjundiai.com.br\/news\/wp-json\/wp\/v2\/posts\/75730","targetHints":{"allow":["GET"]}}],"collection":[{"href":"https:\/\/tvtecjundiai.com.br\/news\/wp-json\/wp\/v2\/posts"}],"about":[{"href":"https:\/\/tvtecjundiai.com.br\/news\/wp-json\/wp\/v2\/types\/post"}],"author":[{"embeddable":true,"href":"https:\/\/tvtecjundiai.com.br\/news\/wp-json\/wp\/v2\/users\/28"}],"replies":[{"embeddable":true,"href":"https:\/\/tvtecjundiai.com.br\/news\/wp-json\/wp\/v2\/comments?post=75730"}],"version-history":[{"count":2,"href":"https:\/\/tvtecjundiai.com.br\/news\/wp-json\/wp\/v2\/posts\/75730\/revisions"}],"predecessor-version":[{"id":75734,"href":"https:\/\/tvtecjundiai.com.br\/news\/wp-json\/wp\/v2\/posts\/75730\/revisions\/75734"}],"wp:featuredmedia":[{"embeddable":true,"href":"https:\/\/tvtecjundiai.com.br\/news\/wp-json\/wp\/v2\/media\/75732"}],"wp:attachment":[{"href":"https:\/\/tvtecjundiai.com.br\/news\/wp-json\/wp\/v2\/media?parent=75730"}],"wp:term":[{"taxonomy":"category","embeddable":true,"href":"https:\/\/tvtecjundiai.com.br\/news\/wp-json\/wp\/v2\/categories?post=75730"},{"taxonomy":"post_tag","embeddable":true,"href":"https:\/\/tvtecjundiai.com.br\/news\/wp-json\/wp\/v2\/tags?post=75730"}],"curies":[{"name":"wp","href":"https:\/\/api.w.org\/{rel}","templated":true}]}}