{"id":75738,"date":"2021-05-13T16:38:28","date_gmt":"2021-05-13T19:38:28","guid":{"rendered":"https:\/\/tvtecjundiai.com.br\/news\/?p=75738"},"modified":"2021-05-13T16:40:31","modified_gmt":"2021-05-13T19:40:31","slug":"jundiai-tem-155-novos-casos-de-covid-19-1","status":"publish","type":"post","link":"https:\/\/tvtecjundiai.com.br\/news\/2021\/05\/13\/jundiai-tem-155-novos-casos-de-covid-19-1\/","title":{"rendered":"Jundia\u00ed tem 155 novos casos de COVID-19 nesta quinta (13)"},"content":{"rendered":"\n<p>A Prefeitura de Jundia\u00ed informa que, nesta quinta-feira (13), quatro \u00f3bitos foram contabilizados de residentes na cidade causados pelo Novo Coronav\u00edrus.<\/p>\n\n\n\n<p>Homem, 77 anos, portador de doen\u00e7a cardiovascular cr\u00f4nica e diabetes. Internou 02\/05 e faleceu 13\/05 no hospital S\u00e3o Vicente.<\/p>\n\n\n\n<p>Homem, 51 anos, obeso. Internou 24\/04 e faleceu 12\/05 em hospital privado da cidade.<\/p>\n\n\n\n<p>Mulher, 67 anos, portadora de doen\u00e7a cardiovascular cr\u00f4nica e diabetes. Faleceu em 08\/05 na resid\u00eancia.<\/p>\n\n\n\n<p>Homem, 79 anos, portador de doen\u00e7a cardiovascular cr\u00f4nica. Internou 15\/04 e faleceu 13\/05 em hospital privado da cidade.<\/p>\n\n\n\n<p>At\u00e9 o momento, a cidade registra 1111 \u00f3bitos causados pela COVID-19 desde o in\u00edcio da pandemia.<\/p>\n\n\n\n<figure class=\"wp-block-image size-large\"><img loading=\"lazy\" decoding=\"async\" width=\"960\" height=\"960\" src=\"https:\/\/tvtecjundiai.com.br\/news\/wp-content\/uploads\/sites\/2\/2021\/05\/slide1-9-960x960.png\" alt=\"\" class=\"wp-image-75739\" srcset=\"https:\/\/tvtecjundiai.com.br\/news\/wp-content\/uploads\/sites\/2\/2021\/05\/slide1-9-960x960.png 960w, https:\/\/tvtecjundiai.com.br\/news\/wp-content\/uploads\/sites\/2\/2021\/05\/slide1-9-300x300.png 300w, https:\/\/tvtecjundiai.com.br\/news\/wp-content\/uploads\/sites\/2\/2021\/05\/slide1-9-100x100.png 100w, https:\/\/tvtecjundiai.com.br\/news\/wp-content\/uploads\/sites\/2\/2021\/05\/slide1-9-768x768.png 768w, https:\/\/tvtecjundiai.com.br\/news\/wp-content\/uploads\/sites\/2\/2021\/05\/slide1-9.png 1280w\" sizes=\"auto, (max-width: 960px) 100vw, 960px\" \/><\/figure>\n\n\n\n<figure class=\"wp-block-image size-large\"><img loading=\"lazy\" decoding=\"async\" width=\"960\" height=\"960\" src=\"https:\/\/tvtecjundiai.com.br\/news\/wp-content\/uploads\/sites\/2\/2021\/05\/slide2-8-960x960.png\" alt=\"\" class=\"wp-image-75740\" srcset=\"https:\/\/tvtecjundiai.com.br\/news\/wp-content\/uploads\/sites\/2\/2021\/05\/slide2-8-960x960.png 960w, https:\/\/tvtecjundiai.com.br\/news\/wp-content\/uploads\/sites\/2\/2021\/05\/slide2-8-300x300.png 300w, https:\/\/tvtecjundiai.com.br\/news\/wp-content\/uploads\/sites\/2\/2021\/05\/slide2-8-100x100.png 100w, https:\/\/tvtecjundiai.com.br\/news\/wp-content\/uploads\/sites\/2\/2021\/05\/slide2-8-768x768.png 768w, https:\/\/tvtecjundiai.com.br\/news\/wp-content\/uploads\/sites\/2\/2021\/05\/slide2-8.png 1280w\" sizes=\"auto, (max-width: 960px) 100vw, 960px\" \/><\/figure>\n\n\n\n<p><em>(Texto\/Imagem: Prefeitura de Jundia\u00ed)<\/em><\/p>\n","protected":false},"excerpt":{"rendered":"<p>Quatro \u00f3bitos foram registrados na cidade na tarde desta quinta-feira (13)<\/p>\n","protected":false},"author":28,"featured_media":74779,"comment_status":"closed","ping_status":"closed","sticky":false,"template":"","format":"standard","meta":{"footnotes":""},"categories":[8356,1],"tags":[],"class_list":["post-75738","post","type-post","status-publish","format-standard","has-post-thumbnail","hentry","category-jundiai","category-noticias"],"_links":{"self":[{"href":"https:\/\/tvtecjundiai.com.br\/news\/wp-json\/wp\/v2\/posts\/75738","targetHints":{"allow":["GET"]}}],"collection":[{"href":"https:\/\/tvtecjundiai.com.br\/news\/wp-json\/wp\/v2\/posts"}],"about":[{"href":"https:\/\/tvtecjundiai.com.br\/news\/wp-json\/wp\/v2\/types\/post"}],"author":[{"embeddable":true,"href":"https:\/\/tvtecjundiai.com.br\/news\/wp-json\/wp\/v2\/users\/28"}],"replies":[{"embeddable":true,"href":"https:\/\/tvtecjundiai.com.br\/news\/wp-json\/wp\/v2\/comments?post=75738"}],"version-history":[{"count":2,"href":"https:\/\/tvtecjundiai.com.br\/news\/wp-json\/wp\/v2\/posts\/75738\/revisions"}],"predecessor-version":[{"id":75742,"href":"https:\/\/tvtecjundiai.com.br\/news\/wp-json\/wp\/v2\/posts\/75738\/revisions\/75742"}],"wp:featuredmedia":[{"embeddable":true,"href":"https:\/\/tvtecjundiai.com.br\/news\/wp-json\/wp\/v2\/media\/74779"}],"wp:attachment":[{"href":"https:\/\/tvtecjundiai.com.br\/news\/wp-json\/wp\/v2\/media?parent=75738"}],"wp:term":[{"taxonomy":"category","embeddable":true,"href":"https:\/\/tvtecjundiai.com.br\/news\/wp-json\/wp\/v2\/categories?post=75738"},{"taxonomy":"post_tag","embeddable":true,"href":"https:\/\/tvtecjundiai.com.br\/news\/wp-json\/wp\/v2\/tags?post=75738"}],"curies":[{"name":"wp","href":"https:\/\/api.w.org\/{rel}","templated":true}]}}