{"id":75743,"date":"2021-05-13T16:53:47","date_gmt":"2021-05-13T19:53:47","guid":{"rendered":"https:\/\/tvtecjundiai.com.br\/news\/?p=75743"},"modified":"2021-05-13T16:53:47","modified_gmt":"2021-05-13T19:53:47","slug":"coca-cola-femsa-doa-kits-de-material-escolar-para-o-fundo-social-de-solidariedade","status":"publish","type":"post","link":"https:\/\/tvtecjundiai.com.br\/news\/2021\/05\/13\/coca-cola-femsa-doa-kits-de-material-escolar-para-o-fundo-social-de-solidariedade\/","title":{"rendered":"Coca-Cola FEMSA doa kits de material escolar para o Fundo Social de Solidariedade"},"content":{"rendered":"\n<p>Parceira e amiga do Fundo Social de Solidariedade de Jundia\u00ed (Funss) em diferentes a\u00e7\u00f5es, a Coca-Cola FEMSA Brasil doou, nesta quinta-feira (13), 48 kits de material escolar. A contribui\u00e7\u00e3o, que foi entregue, diretamente, para a presidente da unidade, Vanessa Machado, ser\u00e1 direcionada \u00e0 Unidade de Gest\u00e3o de Educa\u00e7\u00e3o (UGE).<\/p>\n\n\n\n<p>De acordo com a analista de assuntos corporativos, Juliana Sales, a doa\u00e7\u00e3o foi poss\u00edvel a partir de uma a\u00e7\u00e3o interna da empresa voltada aos funcion\u00e1rios. \u201cA Coca-Cola entrega, anualmente, um kit como este aos filhos dos seus profissionais. Neste ano, houve excedente e decidimos repassar ao Funss porque conhecemos o trabalho s\u00e9rio que \u00e9 desenvolvido junto \u00e0s fam\u00edlias em vulnerabilidade\u201d, explicou. Tamb\u00e9m estiveram presentes durante a entrega dos produtos as funcion\u00e1rias Rita Lopes, que \u00e9 analista de Recursos Humanos, e Adriana Brisolla, que atua como gerente de manufatura.<\/p>\n\n\n\n<figure class=\"wp-block-image size-large\"><img loading=\"lazy\" decoding=\"async\" width=\"1200\" height=\"800\" src=\"https:\/\/tvtecjundiai.com.br\/news\/wp-content\/uploads\/sites\/2\/2021\/05\/funss_kits-5-1200x800.jpg\" alt=\"\" class=\"wp-image-75744\" srcset=\"https:\/\/tvtecjundiai.com.br\/news\/wp-content\/uploads\/sites\/2\/2021\/05\/funss_kits-5-1200x800.jpg 1200w, https:\/\/tvtecjundiai.com.br\/news\/wp-content\/uploads\/sites\/2\/2021\/05\/funss_kits-5-300x200.jpg 300w, https:\/\/tvtecjundiai.com.br\/news\/wp-content\/uploads\/sites\/2\/2021\/05\/funss_kits-5-768x512.jpg 768w, https:\/\/tvtecjundiai.com.br\/news\/wp-content\/uploads\/sites\/2\/2021\/05\/funss_kits-5.jpg 1280w\" sizes=\"auto, (max-width: 1200px) 100vw, 1200px\" \/><figcaption>Kits de material escolar foram doados pela Coca-Cola FEMSA<\/figcaption><\/figure>\n\n\n\n<p>A primeira-dama, tamb\u00e9m \u00e0 frente da presid\u00eancia do Funss, falou da alegria em contar com a colabora\u00e7\u00e3o da empresa, que \u00e9 considerada a maior engarrafadora de produtos Coca-Cola no mundo em volume de vendas: \u201cEsta uni\u00e3o entre a iniciativa privada e o Poder P\u00fablico \u00e9 fruto do trabalho respons\u00e1vel e consistente desenvolvido na cidade. A\u00e7\u00f5es como esta fortalecem o munic\u00edpio e, principalmente, as pessoas que vivem aqui\u201d.<\/p>\n\n\n\n<p>Cada kit \u00e9 composto por uma mochila e diversos produtos de papelaria, como cadernos, pasta, estojo, canetas, l\u00e1pis grafite, r\u00e9gua, canetinhas, borracha, pacote de folha sulfite, tesoura, cola em bast\u00e3o, fita adesiva, entre outros. De acordo com a gestora de Educa\u00e7\u00e3o, Vasti Ferrari Marques, a UGE definir\u00e1 os crit\u00e9rios de escolha das crian\u00e7as que receber\u00e3o a doa\u00e7\u00e3o. \u201cJuntamente com as diretoras, vamos priorizar os alunos que, de fato, est\u00e3o em vulnerabilidade e, por isso, precisam de ajuda\u201d, disse.<\/p>\n\n\n\n<figure class=\"wp-block-image size-large\"><img loading=\"lazy\" decoding=\"async\" width=\"1200\" height=\"763\" src=\"https:\/\/tvtecjundiai.com.br\/news\/wp-content\/uploads\/sites\/2\/2021\/05\/funss_kits-4-1200x763.jpg\" alt=\"\" class=\"wp-image-75745\" srcset=\"https:\/\/tvtecjundiai.com.br\/news\/wp-content\/uploads\/sites\/2\/2021\/05\/funss_kits-4-1200x763.jpg 1200w, https:\/\/tvtecjundiai.com.br\/news\/wp-content\/uploads\/sites\/2\/2021\/05\/funss_kits-4-300x191.jpg 300w, https:\/\/tvtecjundiai.com.br\/news\/wp-content\/uploads\/sites\/2\/2021\/05\/funss_kits-4-768x488.jpg 768w, https:\/\/tvtecjundiai.com.br\/news\/wp-content\/uploads\/sites\/2\/2021\/05\/funss_kits-4.jpg 1280w\" sizes=\"auto, (max-width: 1200px) 100vw, 1200px\" \/><figcaption>Vanessa Machado e a gestora de Educa\u00e7\u00e3o, Vasti Ferrari Marques, receberam as doa\u00e7\u00f5es<\/figcaption><\/figure>\n\n\n\n<p><strong>Campanha Permanente<\/strong><\/p>\n\n\n\n<p>Os interessados em contribuir com o Fundo Social podem fazer doa\u00e7\u00f5es para a Campanha Permanente de Solidariedade. A iniciativa recebe alimentos n\u00e3o perec\u00edveis; fraldas para crian\u00e7as e adultos; leite longa vida ou em p\u00f3; absorventes higi\u00eanicos descart\u00e1veis; \u00e1gua mineral; roupas, cal\u00e7ados e toalhas de banho; produtos de limpeza e de higiene pessoal; ra\u00e7\u00e3o para animais; e saco de lixo.<\/p>\n\n\n\n<p>Os itens devem ser entregues, diretamente, na sede do Fundo Social, localizado dentro do Parque da Uva. O acesso \u00e9 pela avenida Dona Manoela Lacerda de Vergueiro, s\/n, port\u00e3o 03, bairro Anhangaba\u00fa. O funcionamento da unidade \u00e9 de segunda a sexta-feira, das 8h \u00e0s 17h, exceto feriados. Informa\u00e7\u00f5es: (11) 4521-2762, 4521-2929 e 4521-6833.<\/p>\n\n\n\n<p><em>(Texto\/Imagem: Prefeitura de Jundia\u00ed)<\/em><\/p>\n","protected":false},"excerpt":{"rendered":"<p>A contribui\u00e7\u00e3o, que foi entregue, diretamente, para a presidente da unidade, Vanessa Machado<\/p>\n","protected":false},"author":28,"featured_media":75746,"comment_status":"closed","ping_status":"closed","sticky":false,"template":"","format":"standard","meta":{"footnotes":""},"categories":[8356,1],"tags":[],"class_list":["post-75743","post","type-post","status-publish","format-standard","has-post-thumbnail","hentry","category-jundiai","category-noticias"],"_links":{"self":[{"href":"https:\/\/tvtecjundiai.com.br\/news\/wp-json\/wp\/v2\/posts\/75743","targetHints":{"allow":["GET"]}}],"collection":[{"href":"https:\/\/tvtecjundiai.com.br\/news\/wp-json\/wp\/v2\/posts"}],"about":[{"href":"https:\/\/tvtecjundiai.com.br\/news\/wp-json\/wp\/v2\/types\/post"}],"author":[{"embeddable":true,"href":"https:\/\/tvtecjundiai.com.br\/news\/wp-json\/wp\/v2\/users\/28"}],"replies":[{"embeddable":true,"href":"https:\/\/tvtecjundiai.com.br\/news\/wp-json\/wp\/v2\/comments?post=75743"}],"version-history":[{"count":1,"href":"https:\/\/tvtecjundiai.com.br\/news\/wp-json\/wp\/v2\/posts\/75743\/revisions"}],"predecessor-version":[{"id":75747,"href":"https:\/\/tvtecjundiai.com.br\/news\/wp-json\/wp\/v2\/posts\/75743\/revisions\/75747"}],"wp:featuredmedia":[{"embeddable":true,"href":"https:\/\/tvtecjundiai.com.br\/news\/wp-json\/wp\/v2\/media\/75746"}],"wp:attachment":[{"href":"https:\/\/tvtecjundiai.com.br\/news\/wp-json\/wp\/v2\/media?parent=75743"}],"wp:term":[{"taxonomy":"category","embeddable":true,"href":"https:\/\/tvtecjundiai.com.br\/news\/wp-json\/wp\/v2\/categories?post=75743"},{"taxonomy":"post_tag","embeddable":true,"href":"https:\/\/tvtecjundiai.com.br\/news\/wp-json\/wp\/v2\/tags?post=75743"}],"curies":[{"name":"wp","href":"https:\/\/api.w.org\/{rel}","templated":true}]}}