{"id":75760,"date":"2021-05-13T18:12:29","date_gmt":"2021-05-13T21:12:29","guid":{"rendered":"https:\/\/tvtecjundiai.com.br\/news\/?p=75760"},"modified":"2021-05-13T18:12:29","modified_gmt":"2021-05-13T21:12:29","slug":"prefeito-apresenta-plataforma-de-mapeamento-de-pessoas-com-deficiencia-em-jundiai","status":"publish","type":"post","link":"https:\/\/tvtecjundiai.com.br\/news\/2021\/05\/13\/prefeito-apresenta-plataforma-de-mapeamento-de-pessoas-com-deficiencia-em-jundiai\/","title":{"rendered":"Prefeito apresenta plataforma de mapeamento de Pessoas com Defici\u00eancia em Jundia\u00ed"},"content":{"rendered":"\n<p>Jundia\u00ed conta com mapeamento de dados das Pessoas com Defici\u00eancia em Jundia\u00ed, desenvolvida pela Cijun, a plataforma traz gr\u00e1ficos e relat\u00f3rios de informa\u00e7\u00f5es referentes a esse p\u00fablico. O portal foi apresentado, nesta quinta-feira (13), pelo prefeito Luiz Fernando Machado, diretor-presidente da Companhia de Inform\u00e1tica de Jundia\u00ed (Cijun), Amauri Marquezi e pelo gestor da Casa Civil, Gustavo Maryssael, para o vereador Douglas Medeiros e para a presidente do Conselho Municipal dos Direitos da Pessoa com Defici\u00eancia, Ivanilde de Oliveira Jesus.<\/p>\n\n\n\n<p>\u201cHoje apresentamos o projeto que envolve o mapeamento das Pessoas com Defici\u00eancia em Jundia\u00ed. A partir da consolida\u00e7\u00e3o de dados pela Cijun, teremos mais subs\u00eddios para que as pol\u00edticas p\u00fablicas possam ser mais assertivas na vida da Pessoa com Defici\u00eancia no nosso munic\u00edpio\u201d, comentou o prefeito Luiz Fernando Machado.<\/p>\n\n\n\n<figure class=\"wp-block-image size-large\"><img loading=\"lazy\" decoding=\"async\" width=\"1200\" height=\"801\" src=\"https:\/\/tvtecjundiai.com.br\/news\/wp-content\/uploads\/sites\/2\/2021\/05\/reuniao_monitoramento_pessoas_com_deficiencia-20-1200x801.jpg\" alt=\"\" class=\"wp-image-75761\" srcset=\"https:\/\/tvtecjundiai.com.br\/news\/wp-content\/uploads\/sites\/2\/2021\/05\/reuniao_monitoramento_pessoas_com_deficiencia-20-1200x801.jpg 1200w, https:\/\/tvtecjundiai.com.br\/news\/wp-content\/uploads\/sites\/2\/2021\/05\/reuniao_monitoramento_pessoas_com_deficiencia-20-300x200.jpg 300w, https:\/\/tvtecjundiai.com.br\/news\/wp-content\/uploads\/sites\/2\/2021\/05\/reuniao_monitoramento_pessoas_com_deficiencia-20-768x512.jpg 768w, https:\/\/tvtecjundiai.com.br\/news\/wp-content\/uploads\/sites\/2\/2021\/05\/reuniao_monitoramento_pessoas_com_deficiencia-20.jpg 1280w\" sizes=\"auto, (max-width: 1200px) 100vw, 1200px\" \/><figcaption>Prefeito apresentou o portal com o monitoramento das Pessoas com Defici\u00eancia<\/figcaption><\/figure>\n\n\n\n<p>O portal com o mapeamento das Pessoas com Defici\u00eancia em Jundia\u00ed, est\u00e1 locado dentro do site da Prefeitura de Jundia\u00ed e pode ser consultado por todos. \u201cOs dados foram consolidados em um \u00fanico cadastro a partir das informa\u00e7\u00f5es provenientes das Unidades de Gest\u00e3o de Promo\u00e7\u00e3o de Sa\u00fade, Assist\u00eancia e Desenvolvimento Social e Educa\u00e7\u00e3o\u201d, explica Marquezi.<\/p>\n\n\n\n<p>A plataforma foi desenvolvida a partir do Projeto de Lei n\u00ba 12.424, de autoria do vereador Douglas Medeiros, que criou o Programa de Mapeamento Socioecon\u00f4mico de Pessoas com Defici\u00eancia ou Mobilidade Reduzida.<\/p>\n\n\n\n<p>O trabalho foi realizado em parceria entre Prefeitura de Jundia\u00ed, por meio da Cijun, C\u00e2mara Municipal e Conselho Municipal dos Direitos da Pessoa com Defici\u00eancia. \u201cA ideia \u00e9 avan\u00e7ar para levar mais acessibilidade a todas as pessoas de Jundia\u00ed\u201d, conta Douglas.<\/p>\n\n\n\n<figure class=\"wp-block-image size-large\"><img loading=\"lazy\" decoding=\"async\" width=\"1200\" height=\"800\" src=\"https:\/\/tvtecjundiai.com.br\/news\/wp-content\/uploads\/sites\/2\/2021\/05\/site_monitoramento-8-1200x800.jpg\" alt=\"\" class=\"wp-image-75762\" srcset=\"https:\/\/tvtecjundiai.com.br\/news\/wp-content\/uploads\/sites\/2\/2021\/05\/site_monitoramento-8-1200x800.jpg 1200w, https:\/\/tvtecjundiai.com.br\/news\/wp-content\/uploads\/sites\/2\/2021\/05\/site_monitoramento-8-300x200.jpg 300w, https:\/\/tvtecjundiai.com.br\/news\/wp-content\/uploads\/sites\/2\/2021\/05\/site_monitoramento-8-768x512.jpg 768w, https:\/\/tvtecjundiai.com.br\/news\/wp-content\/uploads\/sites\/2\/2021\/05\/site_monitoramento-8.jpg 1280w\" sizes=\"auto, (max-width: 1200px) 100vw, 1200px\" \/><figcaption>Portal permite conhecer melhor as informa\u00e7\u00f5es das Pessoas com Defici\u00eancia que utilizam os servi\u00e7os p\u00fablicos<\/figcaption><\/figure>\n\n\n\n<p><em>(Texto\/Imagem: Prefeitura de Jundia\u00ed)<\/em><\/p>\n","protected":false},"excerpt":{"rendered":"<p>Cidade conta com mapeamento de dados das Pessoas com Defici\u00eancia em Jundia\u00ed, desenvolvida pela Cijun<\/p>\n","protected":false},"author":28,"featured_media":75761,"comment_status":"closed","ping_status":"closed","sticky":false,"template":"","format":"standard","meta":{"footnotes":""},"categories":[8356,1],"tags":[],"class_list":["post-75760","post","type-post","status-publish","format-standard","has-post-thumbnail","hentry","category-jundiai","category-noticias"],"_links":{"self":[{"href":"https:\/\/tvtecjundiai.com.br\/news\/wp-json\/wp\/v2\/posts\/75760","targetHints":{"allow":["GET"]}}],"collection":[{"href":"https:\/\/tvtecjundiai.com.br\/news\/wp-json\/wp\/v2\/posts"}],"about":[{"href":"https:\/\/tvtecjundiai.com.br\/news\/wp-json\/wp\/v2\/types\/post"}],"author":[{"embeddable":true,"href":"https:\/\/tvtecjundiai.com.br\/news\/wp-json\/wp\/v2\/users\/28"}],"replies":[{"embeddable":true,"href":"https:\/\/tvtecjundiai.com.br\/news\/wp-json\/wp\/v2\/comments?post=75760"}],"version-history":[{"count":1,"href":"https:\/\/tvtecjundiai.com.br\/news\/wp-json\/wp\/v2\/posts\/75760\/revisions"}],"predecessor-version":[{"id":75763,"href":"https:\/\/tvtecjundiai.com.br\/news\/wp-json\/wp\/v2\/posts\/75760\/revisions\/75763"}],"wp:featuredmedia":[{"embeddable":true,"href":"https:\/\/tvtecjundiai.com.br\/news\/wp-json\/wp\/v2\/media\/75761"}],"wp:attachment":[{"href":"https:\/\/tvtecjundiai.com.br\/news\/wp-json\/wp\/v2\/media?parent=75760"}],"wp:term":[{"taxonomy":"category","embeddable":true,"href":"https:\/\/tvtecjundiai.com.br\/news\/wp-json\/wp\/v2\/categories?post=75760"},{"taxonomy":"post_tag","embeddable":true,"href":"https:\/\/tvtecjundiai.com.br\/news\/wp-json\/wp\/v2\/tags?post=75760"}],"curies":[{"name":"wp","href":"https:\/\/api.w.org\/{rel}","templated":true}]}}