{"id":75764,"date":"2021-05-14T10:00:00","date_gmt":"2021-05-14T13:00:00","guid":{"rendered":"https:\/\/tvtecjundiai.com.br\/news\/?p=75764"},"modified":"2021-05-13T18:33:58","modified_gmt":"2021-05-13T21:33:58","slug":"festa-literaria-de-jundiai-traz-em-sua-2a-edicao-conteudos-online-para-todos-os-gostos","status":"publish","type":"post","link":"https:\/\/tvtecjundiai.com.br\/news\/2021\/05\/14\/festa-literaria-de-jundiai-traz-em-sua-2a-edicao-conteudos-online-para-todos-os-gostos\/","title":{"rendered":"Festa Liter\u00e1ria de Jundia\u00ed traz em sua 2\u00aa edi\u00e7\u00e3o conte\u00fados online para todos os gostos"},"content":{"rendered":"\n<p>A 2\u00aa edi\u00e7\u00e3o da Festa Liter\u00e1ria de Jundia\u00ed (FLIJ), que ser\u00e1 realizada entre os dias 25 e 30 de maio, ir\u00e1 trazer em sua programa\u00e7\u00e3o on-line atra\u00e7\u00f5es para todos os gostos. Entre os convidados de renome j\u00e1 confirmados para esta edi\u00e7\u00e3o est\u00e3o a jornalista Renata Ceribelli, o pedagogo italiano Francesco Tonucci, o escritor Itamar Vieira J\u00fanior, a jornalista Thalita Rebou\u00e7as, a escritora Mel Duarte e outros.<\/p>\n\n\n\n<p>A FLIJ \u00e9 uma iniciativa da Unidade de Gest\u00e3o de Cultura (UGC), que conta com o apoio da TVTEM e a parceria com o Conselho Municipal de Pol\u00edtica Cultural (CMPC). Toda a programa\u00e7\u00e3o deste ano contar\u00e1 com tradu\u00e7\u00e3o simult\u00e2nea em L\u00edngua Brasileira de Sinais (Libras).<\/p>\n\n\n\n<p>\u201cA participa\u00e7\u00e3o de tantos profissionais de renome na programa\u00e7\u00e3o da FLIJ deste ano \u00e9 motivo de grande satisfa\u00e7\u00e3o e servir\u00e1 de incentivo e modelo \u00e0 produ\u00e7\u00e3o autoral\u201d, explica o gestor da UGC, Marcelo Peroni. \u201cPor isso cada noite contar\u00e1 com uma abertura especial, com a o depoimento de algum autor jundiaiense ou da apresenta\u00e7\u00e3o art\u00edstica de um m\u00fasico, sempre da cidade, para integrar seus trabalhos e valorizar a festa.\u201d<\/p>\n\n\n\n<figure class=\"wp-block-image size-large\"><img loading=\"lazy\" decoding=\"async\" width=\"1200\" height=\"841\" src=\"https:\/\/tvtecjundiai.com.br\/news\/wp-content\/uploads\/sites\/2\/2021\/05\/henrique-e-lucas-20-1200x841.jpg\" alt=\"\" class=\"wp-image-75765\" srcset=\"https:\/\/tvtecjundiai.com.br\/news\/wp-content\/uploads\/sites\/2\/2021\/05\/henrique-e-lucas-20-1200x841.jpg 1200w, https:\/\/tvtecjundiai.com.br\/news\/wp-content\/uploads\/sites\/2\/2021\/05\/henrique-e-lucas-20-300x210.jpg 300w, https:\/\/tvtecjundiai.com.br\/news\/wp-content\/uploads\/sites\/2\/2021\/05\/henrique-e-lucas-20-768x538.jpg 768w, https:\/\/tvtecjundiai.com.br\/news\/wp-content\/uploads\/sites\/2\/2021\/05\/henrique-e-lucas-20.jpg 1260w\" sizes=\"auto, (max-width: 1200px) 100vw, 1200px\" \/><figcaption>Edi\u00e7\u00e3o on-line da Festa ter\u00e1 atra\u00e7\u00f5es para todos os gostos e idades (foto feita antes da pandemia do Novo Coronav\u00edrius)<\/figcaption><\/figure>\n\n\n\n<p>Para as mesas de entrevistas com autores referenciais, s\u00e3o diversos os temas que ser\u00e3o abordados como Diversidade, Mem\u00f3ria, Literatura e redes sociais, Inclus\u00e3o, hist\u00f3rias em quadrinhos e o universo Harry Potter.<\/p>\n\n\n\n<p>Outro destaque da programa\u00e7\u00e3o \u00e9 o espa\u00e7o dedicado a autores jundiaienses, para divulgarem suas obras. Os interessados devem residir no Munic\u00edpio e para participar devem se inscrever pela internet (\u00e9 importante estarem logados em uma conta Google para poder preencher o formul\u00e1rio).<\/p>\n\n\n\n<p>Est\u00e3o tamb\u00e9m programadas oficinas liter\u00e1rias virtuais, com temas como Escrita Criativa, Editora\u00e7\u00e3o e publica\u00e7\u00e3o de livros, e Cen\u00e1rios Invis\u00edveis, al\u00e9m de apresenta\u00e7\u00f5es de artistas locais.<\/p>\n\n\n\n<p><em>(Texto\/Imagem: Prefeitura de Jundia\u00ed)<\/em><\/p>\n","protected":false},"excerpt":{"rendered":"<p>A 2\u00aa edi\u00e7\u00e3o da Festa Liter\u00e1ria de Jundia\u00ed (FLIJ), que ser\u00e1 realizada entre os dias 25 e 30 de maio<\/p>\n","protected":false},"author":28,"featured_media":75765,"comment_status":"closed","ping_status":"closed","sticky":false,"template":"","format":"standard","meta":{"footnotes":""},"categories":[8356,1],"tags":[],"class_list":["post-75764","post","type-post","status-publish","format-standard","has-post-thumbnail","hentry","category-jundiai","category-noticias"],"_links":{"self":[{"href":"https:\/\/tvtecjundiai.com.br\/news\/wp-json\/wp\/v2\/posts\/75764","targetHints":{"allow":["GET"]}}],"collection":[{"href":"https:\/\/tvtecjundiai.com.br\/news\/wp-json\/wp\/v2\/posts"}],"about":[{"href":"https:\/\/tvtecjundiai.com.br\/news\/wp-json\/wp\/v2\/types\/post"}],"author":[{"embeddable":true,"href":"https:\/\/tvtecjundiai.com.br\/news\/wp-json\/wp\/v2\/users\/28"}],"replies":[{"embeddable":true,"href":"https:\/\/tvtecjundiai.com.br\/news\/wp-json\/wp\/v2\/comments?post=75764"}],"version-history":[{"count":1,"href":"https:\/\/tvtecjundiai.com.br\/news\/wp-json\/wp\/v2\/posts\/75764\/revisions"}],"predecessor-version":[{"id":75766,"href":"https:\/\/tvtecjundiai.com.br\/news\/wp-json\/wp\/v2\/posts\/75764\/revisions\/75766"}],"wp:featuredmedia":[{"embeddable":true,"href":"https:\/\/tvtecjundiai.com.br\/news\/wp-json\/wp\/v2\/media\/75765"}],"wp:attachment":[{"href":"https:\/\/tvtecjundiai.com.br\/news\/wp-json\/wp\/v2\/media?parent=75764"}],"wp:term":[{"taxonomy":"category","embeddable":true,"href":"https:\/\/tvtecjundiai.com.br\/news\/wp-json\/wp\/v2\/categories?post=75764"},{"taxonomy":"post_tag","embeddable":true,"href":"https:\/\/tvtecjundiai.com.br\/news\/wp-json\/wp\/v2\/tags?post=75764"}],"curies":[{"name":"wp","href":"https:\/\/api.w.org\/{rel}","templated":true}]}}