{"id":75781,"date":"2021-05-14T13:15:59","date_gmt":"2021-05-14T16:15:59","guid":{"rendered":"https:\/\/tvtecjundiai.com.br\/news\/?p=75781"},"modified":"2021-05-14T14:09:32","modified_gmt":"2021-05-14T17:09:32","slug":"covid-19-jundiai-abre-agendamentos-para-mais-grupos-neste-sabado-15-as-11h","status":"publish","type":"post","link":"https:\/\/tvtecjundiai.com.br\/news\/2021\/05\/14\/covid-19-jundiai-abre-agendamentos-para-mais-grupos-neste-sabado-15-as-11h\/","title":{"rendered":"COVID-19: Jundia\u00ed abre agendamentos para mais grupos neste s\u00e1bado (15), \u00e0s 11h"},"content":{"rendered":"\n<p>Neste s\u00e1bado (15), a Prefeitura de Jundia\u00ed abre novas agendas de aplica\u00e7\u00f5es da vacina contra a COVID-19 para os p\u00fablicos formados por pessoas com comorbidades com 50 anos ou mais para primeira dose. A aplica\u00e7\u00e3o ser\u00e1 realizada na pr\u00f3xima semana, conforme a escolha no ato do agendamento.<\/p>\n\n\n\n<p>Pessoas com 60 anos ou mais que ainda n\u00e3o tenham recebido a primeira dose contra o Novo Coronav\u00edrus, devem procurar a partir de segunda-feira (17) as Unidade B\u00e1sica de Sa\u00fade (UBS) para o agendamento da aplica\u00e7\u00e3o. O mesmo deve ser feito por pessoas que recebem o Benef\u00edcio de Presta\u00e7\u00e3o Continuada (BPC) com 50 a 59 anos, transplantados, pessoas com S\u00edndrome de Down. O atendimento ser\u00e1 feito em todas as UBSs e Novas UBSs, exceto as unidades Nova UBS Jardim do Lago, antiga UBS Jardim do Lago (rua Filomena Ricci), UBSs Marlene e Hortol\u00e2ndia.<\/p>\n\n\n\n<p>De acordo com a diretora do Departamento de Vigil\u00e2ncia em Sa\u00fade da Unidade de Gest\u00e3o de Promo\u00e7\u00e3o em Sa\u00fade (UGPS), Fauzia Abou Abbas Ra\u00edza, o calend\u00e1rio de aplica\u00e7\u00e3o \u00e9 organizado para facilitar o acesso da popula\u00e7\u00e3o. \u201cA estrat\u00e9gia de vacina\u00e7\u00e3o est\u00e1 sendo ampliada com mais grupos e mais locais para o atendimento da popula\u00e7\u00e3o\u201d, explica. A diretora lembra que \u00e9 essencial, ap\u00f3s o agendamento da primeira dose, que o usu\u00e1rio fa\u00e7a o registro no site VacinaJ\u00e1.<\/p>\n\n\n\n<figure class=\"wp-block-image size-large\"><img loading=\"lazy\" decoding=\"async\" width=\"1200\" height=\"800\" src=\"https:\/\/tvtecjundiai.com.br\/news\/wp-content\/uploads\/sites\/2\/2021\/05\/vacinacao_covid_parque_da_uva-384-1200x800.jpg\" alt=\"\" class=\"wp-image-75782\" srcset=\"https:\/\/tvtecjundiai.com.br\/news\/wp-content\/uploads\/sites\/2\/2021\/05\/vacinacao_covid_parque_da_uva-384-1200x800.jpg 1200w, https:\/\/tvtecjundiai.com.br\/news\/wp-content\/uploads\/sites\/2\/2021\/05\/vacinacao_covid_parque_da_uva-384-300x200.jpg 300w, https:\/\/tvtecjundiai.com.br\/news\/wp-content\/uploads\/sites\/2\/2021\/05\/vacinacao_covid_parque_da_uva-384-768x512.jpg 768w, https:\/\/tvtecjundiai.com.br\/news\/wp-content\/uploads\/sites\/2\/2021\/05\/vacinacao_covid_parque_da_uva-384.jpg 1280w\" sizes=\"auto, (max-width: 1200px) 100vw, 1200px\" \/><figcaption>Vacina\u00e7\u00e3o para mais grupos ter\u00e1 agenda aberta \u00e0s 11h, neste s\u00e1bado (15)<\/figcaption><\/figure>\n\n\n\n<p>Confira os p\u00fablicos e a programa\u00e7\u00e3o:<\/p>\n\n\n\n<p>D1: Pessoas com Comorbidades com 50 anos ou mais \u2013 Agendamento canais digitais (APP e site) neste s\u00e1bado (15), \u00e0s 11h. Aplica\u00e7\u00e3o a partir de segunda-feira (17)<\/p>\n\n\n\n<p>S\u00e3o estimadas 8 mil pessoas nesta categoria, que devem apresentar documento que comprove a comorbidade no dia da aplica\u00e7\u00e3o. Ser\u00e3o aceitos: Receita m\u00e9dica ou relat\u00f3rio m\u00e9dico com CRM leg\u00edvel (constar CID ou descri\u00e7\u00e3o da doen\u00e7a correspondente). N\u00e3o esquecer do CPF, comprovante de endere\u00e7o e documento com foto.<\/p>\n\n\n\n<p>D1: Transplantados de medula \u00f3ssea ou \u00f3rg\u00e3os s\u00f3lidos imonossuprimidos. Agendamento canais digitais (APP e site) neste s\u00e1bado (15), \u00e0s 11h. Aplica\u00e7\u00e3o a partir de segunda-feira (17)<\/p>\n\n\n\n<p>Devem ser cadastrados na Unidade de sua refer\u00eancia ou apresentarem documento com foto, CPF e comprovante de resid\u00eancia e apresentarem receita m\u00e9dica ou relat\u00f3rio com CRM leg\u00edvel (constar CID ou descri\u00e7\u00e3o da doen\u00e7a correspondente).<\/p>\n\n\n\n<p>Demais grupos<br>Devem buscar agendamento diretamente com a Unidade B\u00e1sica de Sa\u00fade (UBSs) de refer\u00eancia os grupos:<\/p>\n\n\n\n<ul class=\"wp-block-list\"><li>Pessoas com 60 anos ou mais, sem comorbidades, que ainda n\u00e3o receberam a primeira dose. Devem ser cadastrados na Unidade de sua refer\u00eancia ou apresentarem documento com foto, CPF e comprovante de resid\u00eancia.<\/li><li>S\u00edndrome de down com idade a partir de 18 anos. N\u00e3o \u00e9 necess\u00e1ria apresenta\u00e7\u00e3o de documentos da s\u00edndrome, apenas devem ser cadastrados na Unidade de sua refer\u00eancia ou apresentarem documento com foto, CPF e comprovante de resid\u00eancia.<\/li><li>Pessoas com defici\u00eancia permanente cadastradas no BPC (Benef\u00edcio de Presta\u00e7\u00e3o Continuada) 50 a 59 anos devem apresentar o comprovante do benef\u00edcio recebido e ser cadastrados na Unidade de sua refer\u00eancia ou apresentarem documento com foto, CPF e comprovante de resid\u00eancia.<\/li><\/ul>\n\n\n\n<p><em>(Texto\/Imagem: Prefeitura de Jundia\u00ed)<\/em><\/p>\n","protected":false},"excerpt":{"rendered":"<p>O agendamento ser\u00e1 para pessoas com comorbidades com 50 anos ou mais para primeira dose<\/p>\n","protected":false},"author":28,"featured_media":75782,"comment_status":"closed","ping_status":"closed","sticky":false,"template":"","format":"standard","meta":{"footnotes":""},"categories":[8356,1],"tags":[],"class_list":["post-75781","post","type-post","status-publish","format-standard","has-post-thumbnail","hentry","category-jundiai","category-noticias"],"_links":{"self":[{"href":"https:\/\/tvtecjundiai.com.br\/news\/wp-json\/wp\/v2\/posts\/75781","targetHints":{"allow":["GET"]}}],"collection":[{"href":"https:\/\/tvtecjundiai.com.br\/news\/wp-json\/wp\/v2\/posts"}],"about":[{"href":"https:\/\/tvtecjundiai.com.br\/news\/wp-json\/wp\/v2\/types\/post"}],"author":[{"embeddable":true,"href":"https:\/\/tvtecjundiai.com.br\/news\/wp-json\/wp\/v2\/users\/28"}],"replies":[{"embeddable":true,"href":"https:\/\/tvtecjundiai.com.br\/news\/wp-json\/wp\/v2\/comments?post=75781"}],"version-history":[{"count":3,"href":"https:\/\/tvtecjundiai.com.br\/news\/wp-json\/wp\/v2\/posts\/75781\/revisions"}],"predecessor-version":[{"id":75792,"href":"https:\/\/tvtecjundiai.com.br\/news\/wp-json\/wp\/v2\/posts\/75781\/revisions\/75792"}],"wp:featuredmedia":[{"embeddable":true,"href":"https:\/\/tvtecjundiai.com.br\/news\/wp-json\/wp\/v2\/media\/75782"}],"wp:attachment":[{"href":"https:\/\/tvtecjundiai.com.br\/news\/wp-json\/wp\/v2\/media?parent=75781"}],"wp:term":[{"taxonomy":"category","embeddable":true,"href":"https:\/\/tvtecjundiai.com.br\/news\/wp-json\/wp\/v2\/categories?post=75781"},{"taxonomy":"post_tag","embeddable":true,"href":"https:\/\/tvtecjundiai.com.br\/news\/wp-json\/wp\/v2\/tags?post=75781"}],"curies":[{"name":"wp","href":"https:\/\/api.w.org\/{rel}","templated":true}]}}