{"id":75793,"date":"2021-05-14T14:33:39","date_gmt":"2021-05-14T17:33:39","guid":{"rendered":"https:\/\/tvtecjundiai.com.br\/news\/?p=75793"},"modified":"2021-05-14T14:33:39","modified_gmt":"2021-05-14T17:33:39","slug":"idosos-com-prazo-para-segunda-dose-contra-covid-19-devem-esperar-antes-de-tomar-vacina-contra-influenza","status":"publish","type":"post","link":"https:\/\/tvtecjundiai.com.br\/news\/2021\/05\/14\/idosos-com-prazo-para-segunda-dose-contra-covid-19-devem-esperar-antes-de-tomar-vacina-contra-influenza\/","title":{"rendered":"Idosos com prazo para segunda dose contra COVID-19 devem esperar antes de tomar vacina contra Influenza"},"content":{"rendered":"\n<p>Idosos que receberam a primeira dose de vacina AstraZeneca contra a COVID-19 entre os dias 26 de fevereiro a 6 de mar\u00e7o ou a Coronavac entre os dia 24 de abril a 27 de abril devem aguardar a recep\u00e7\u00e3o da segunda dose das respectivas vacinas antes de tomar dose contra a Influenza. Os agendamentos da dose contra o Novo Coronav\u00edrus para ambos os grupos ser\u00e1 aberto nos pr\u00f3ximos dias.<\/p>\n\n\n\n<p>De acordo com a enfermeira da Vigil\u00e2ncia Epidemiol\u00f3gica (VE) da Prefeitura de Jundia\u00ed , Maria do Carmo Possidente, \u00e9 essencial a prioriza\u00e7\u00e3o das doses contra a COVID-19. \u201cAs doses das vacinas AstraZeneca e Coronavac exigem a segunda aplica\u00e7\u00e3o dentro de prazos determinados por cada fabricante, por isso, o idoso deve se atentar para a data da aplica\u00e7\u00e3o, antes de buscar a agenda da vacina contra a gripe, que ficar\u00e1 dispon\u00edvel por v\u00e1rias semanas e n\u00e3o conta com prazo determinado para a recep\u00e7\u00e3o\u201d, detalha.<\/p>\n\n\n\n<figure class=\"wp-block-image size-large\"><img loading=\"lazy\" decoding=\"async\" width=\"1200\" height=\"801\" src=\"https:\/\/tvtecjundiai.com.br\/news\/wp-content\/uploads\/sites\/2\/2021\/05\/vacina-influenza-profissionais-da-saude_ubs-jardim-do-lago-71-1200x801.jpg\" alt=\"\" class=\"wp-image-75794\" srcset=\"https:\/\/tvtecjundiai.com.br\/news\/wp-content\/uploads\/sites\/2\/2021\/05\/vacina-influenza-profissionais-da-saude_ubs-jardim-do-lago-71-1200x801.jpg 1200w, https:\/\/tvtecjundiai.com.br\/news\/wp-content\/uploads\/sites\/2\/2021\/05\/vacina-influenza-profissionais-da-saude_ubs-jardim-do-lago-71-300x200.jpg 300w, https:\/\/tvtecjundiai.com.br\/news\/wp-content\/uploads\/sites\/2\/2021\/05\/vacina-influenza-profissionais-da-saude_ubs-jardim-do-lago-71-768x512.jpg 768w, https:\/\/tvtecjundiai.com.br\/news\/wp-content\/uploads\/sites\/2\/2021\/05\/vacina-influenza-profissionais-da-saude_ubs-jardim-do-lago-71.jpg 1280w\" sizes=\"auto, (max-width: 1200px) 100vw, 1200px\" \/><figcaption>Idosos que estejam no aguardo da segunda dose para vacina contra a COVID-19 devem priorizar o atendimento<\/figcaption><\/figure>\n\n\n\n<p>O intervalo necess\u00e1rio entre a vacina contra COVID-19 e Influenza \u00e9 de 14 dias.<\/p>\n\n\n\n<p>A vacina\u00e7\u00e3o contra a influenza come\u00e7ar\u00e1 para o grupo de idosos com 60 anos, em Jundia\u00ed, a partir de s\u00e1bado (15) e seguir\u00e1 com novos agendamentos nas pr\u00f3ximas semanas.<\/p>\n\n\n\n<p><em>(Texto\/Imagem: Prefeitura de Jundia\u00ed)<\/em><\/p>\n","protected":false},"excerpt":{"rendered":"<p>Os agendamentos da dose contra o Novo Coronav\u00edrus para ambos os grupos ser\u00e1 aberto nos pr\u00f3ximos dias<\/p>\n","protected":false},"author":28,"featured_media":75794,"comment_status":"closed","ping_status":"closed","sticky":false,"template":"","format":"standard","meta":{"footnotes":""},"categories":[8356,1],"tags":[],"class_list":["post-75793","post","type-post","status-publish","format-standard","has-post-thumbnail","hentry","category-jundiai","category-noticias"],"_links":{"self":[{"href":"https:\/\/tvtecjundiai.com.br\/news\/wp-json\/wp\/v2\/posts\/75793","targetHints":{"allow":["GET"]}}],"collection":[{"href":"https:\/\/tvtecjundiai.com.br\/news\/wp-json\/wp\/v2\/posts"}],"about":[{"href":"https:\/\/tvtecjundiai.com.br\/news\/wp-json\/wp\/v2\/types\/post"}],"author":[{"embeddable":true,"href":"https:\/\/tvtecjundiai.com.br\/news\/wp-json\/wp\/v2\/users\/28"}],"replies":[{"embeddable":true,"href":"https:\/\/tvtecjundiai.com.br\/news\/wp-json\/wp\/v2\/comments?post=75793"}],"version-history":[{"count":1,"href":"https:\/\/tvtecjundiai.com.br\/news\/wp-json\/wp\/v2\/posts\/75793\/revisions"}],"predecessor-version":[{"id":75795,"href":"https:\/\/tvtecjundiai.com.br\/news\/wp-json\/wp\/v2\/posts\/75793\/revisions\/75795"}],"wp:featuredmedia":[{"embeddable":true,"href":"https:\/\/tvtecjundiai.com.br\/news\/wp-json\/wp\/v2\/media\/75794"}],"wp:attachment":[{"href":"https:\/\/tvtecjundiai.com.br\/news\/wp-json\/wp\/v2\/media?parent=75793"}],"wp:term":[{"taxonomy":"category","embeddable":true,"href":"https:\/\/tvtecjundiai.com.br\/news\/wp-json\/wp\/v2\/categories?post=75793"},{"taxonomy":"post_tag","embeddable":true,"href":"https:\/\/tvtecjundiai.com.br\/news\/wp-json\/wp\/v2\/tags?post=75793"}],"curies":[{"name":"wp","href":"https:\/\/api.w.org\/{rel}","templated":true}]}}