{"id":75796,"date":"2021-05-14T15:04:32","date_gmt":"2021-05-14T18:04:32","guid":{"rendered":"https:\/\/tvtecjundiai.com.br\/news\/?p=75796"},"modified":"2021-05-14T15:06:39","modified_gmt":"2021-05-14T18:06:39","slug":"final-de-semana-em-jundiai-tera-chuva-no-sabado-e-tempo-firme-no-domingo-1","status":"publish","type":"post","link":"https:\/\/tvtecjundiai.com.br\/news\/2021\/05\/14\/final-de-semana-em-jundiai-tera-chuva-no-sabado-e-tempo-firme-no-domingo-1\/","title":{"rendered":"Jundia\u00ed ter\u00e1 chuva no s\u00e1bado (15) e tempo firme no domingo (16)"},"content":{"rendered":"\n<p>Este final de semana deve come\u00e7ar com chuva em Jundia\u00ed. O s\u00e1bado (15) deve ser de sol com muitas nuvens. Durante o dia haver\u00e1 per\u00edodos de c\u00e9u nublado com chuva. \u00c0 noite o tempo fica firme. A m\u00e1xima deve chegar aos 22\u00ba e a m\u00ednima deve ser de 14\u00ba.<\/p>\n\n\n\n<figure class=\"wp-block-image size-large\"><img loading=\"lazy\" decoding=\"async\" width=\"1200\" height=\"773\" src=\"https:\/\/tvtecjundiai.com.br\/news\/wp-content\/uploads\/sites\/2\/2021\/02\/Daniela-Oliveira-Miguel-e1562278329234-1200x773.jpg\" alt=\"\" class=\"wp-image-71914\" srcset=\"https:\/\/tvtecjundiai.com.br\/news\/wp-content\/uploads\/sites\/2\/2021\/02\/Daniela-Oliveira-Miguel-e1562278329234-1200x773.jpg 1200w, https:\/\/tvtecjundiai.com.br\/news\/wp-content\/uploads\/sites\/2\/2021\/02\/Daniela-Oliveira-Miguel-e1562278329234-300x193.jpg 300w, https:\/\/tvtecjundiai.com.br\/news\/wp-content\/uploads\/sites\/2\/2021\/02\/Daniela-Oliveira-Miguel-e1562278329234-768x495.jpg 768w, https:\/\/tvtecjundiai.com.br\/news\/wp-content\/uploads\/sites\/2\/2021\/02\/Daniela-Oliveira-Miguel-e1562278329234.jpg 1280w\" sizes=\"auto, (max-width: 1200px) 100vw, 1200px\" \/><figcaption>H\u00e1 previs\u00e3o de chuva para o s\u00e1bado (15) em Jundia\u00ed<\/figcaption><\/figure>\n\n\n\n<p>J\u00e1 o domingo (16) ser\u00e1 de tempo firme. Haver\u00e1 sol com algumas nuvens e n\u00e3o h\u00e1 previs\u00e3o de chuva. A m\u00e1xima deve atingir os 24\u00ba e a m\u00ednima n\u00e3o deve passar dos 13\u00ba.<\/p>\n\n\n\n<p><em>&nbsp;(Texto\/Imagem: TVTEC)<\/em><\/p>\n","protected":false},"excerpt":{"rendered":"<p>Temperaturas n\u00e3o devem passar dos 24\u00ba e m\u00ednima deve ser de 13\u00ba<\/p>\n","protected":false},"author":28,"featured_media":71914,"comment_status":"closed","ping_status":"closed","sticky":false,"template":"","format":"standard","meta":{"footnotes":""},"categories":[8356,1],"tags":[],"class_list":["post-75796","post","type-post","status-publish","format-standard","has-post-thumbnail","hentry","category-jundiai","category-noticias"],"_links":{"self":[{"href":"https:\/\/tvtecjundiai.com.br\/news\/wp-json\/wp\/v2\/posts\/75796","targetHints":{"allow":["GET"]}}],"collection":[{"href":"https:\/\/tvtecjundiai.com.br\/news\/wp-json\/wp\/v2\/posts"}],"about":[{"href":"https:\/\/tvtecjundiai.com.br\/news\/wp-json\/wp\/v2\/types\/post"}],"author":[{"embeddable":true,"href":"https:\/\/tvtecjundiai.com.br\/news\/wp-json\/wp\/v2\/users\/28"}],"replies":[{"embeddable":true,"href":"https:\/\/tvtecjundiai.com.br\/news\/wp-json\/wp\/v2\/comments?post=75796"}],"version-history":[{"count":2,"href":"https:\/\/tvtecjundiai.com.br\/news\/wp-json\/wp\/v2\/posts\/75796\/revisions"}],"predecessor-version":[{"id":75798,"href":"https:\/\/tvtecjundiai.com.br\/news\/wp-json\/wp\/v2\/posts\/75796\/revisions\/75798"}],"wp:featuredmedia":[{"embeddable":true,"href":"https:\/\/tvtecjundiai.com.br\/news\/wp-json\/wp\/v2\/media\/71914"}],"wp:attachment":[{"href":"https:\/\/tvtecjundiai.com.br\/news\/wp-json\/wp\/v2\/media?parent=75796"}],"wp:term":[{"taxonomy":"category","embeddable":true,"href":"https:\/\/tvtecjundiai.com.br\/news\/wp-json\/wp\/v2\/categories?post=75796"},{"taxonomy":"post_tag","embeddable":true,"href":"https:\/\/tvtecjundiai.com.br\/news\/wp-json\/wp\/v2\/tags?post=75796"}],"curies":[{"name":"wp","href":"https:\/\/api.w.org\/{rel}","templated":true}]}}