{"id":75799,"date":"2021-05-14T15:20:01","date_gmt":"2021-05-14T18:20:01","guid":{"rendered":"https:\/\/tvtecjundiai.com.br\/news\/?p=75799"},"modified":"2021-05-14T15:20:01","modified_gmt":"2021-05-14T18:20:01","slug":"gravidas-devem-ser-afastadas-do-trabalho-presencial-durante-a-pandemia","status":"publish","type":"post","link":"https:\/\/tvtecjundiai.com.br\/news\/2021\/05\/14\/gravidas-devem-ser-afastadas-do-trabalho-presencial-durante-a-pandemia\/","title":{"rendered":"Gr\u00e1vidas devem ser afastadas do trabalho presencial durante a pandemia"},"content":{"rendered":"\n<p>O presidente Jair Bolsonaro sancionou lei que disp\u00f5e sobre o afastamento de empregadas gr\u00e1vidas de atividades presenciais durante a pandemia do coronav\u00edrus. A san\u00e7\u00e3o da Lei 14.151 foi publicada no Di\u00e1rio Oficial da Uni\u00e3o desta quinta-feira, 13.<\/p>\n\n\n\n<p>O texto prev\u00ea que empregadas gestantes devem permanecer afastadas das atividades presenciais, \u201csem preju\u00edzo de sua remunera\u00e7\u00e3o\u201d, pra evitar que elas fiquem expostas \u00e0 contamina\u00e7\u00e3o pelo coronav\u00edrus. A nova lei determina ainda que a empregada afastada ficar\u00e1 \u00e0 disposi\u00e7\u00e3o para \u201cexercer as atividades em seu domic\u00edlio, por meio de teletrabalho, trabalho remoto ou outra forma de trabalho a dist\u00e2ncia\u201d.<\/p>\n\n\n\n<p>A empregada gestante dever\u00e1 permanecer afastada de atividades de trabalho presencial, sem redu\u00e7\u00e3o no sal\u00e1rio, durante o per\u00edodo de emerg\u00eancia de sa\u00fade p\u00fablica decretado pelo Minist\u00e9rio da Sa\u00fade em fun\u00e7\u00e3o da COVID-19, sem data para terminar. O texto n\u00e3o prev\u00ea puni\u00e7\u00e3o ou multa para empresas que descumprirem a norma. Nesse caso, por\u00e9m, elas podem ser acionadas na Justi\u00e7a com a\u00e7\u00f5es trabalhistas.<\/p>\n\n\n\n<figure class=\"wp-block-image size-large\"><img loading=\"lazy\" decoding=\"async\" width=\"1200\" height=\"800\" src=\"https:\/\/tvtecjundiai.com.br\/news\/wp-content\/uploads\/sites\/2\/2021\/05\/pregnant-1245703_1920-1200x800.jpg\" alt=\"\" class=\"wp-image-75800\" srcset=\"https:\/\/tvtecjundiai.com.br\/news\/wp-content\/uploads\/sites\/2\/2021\/05\/pregnant-1245703_1920-1200x800.jpg 1200w, https:\/\/tvtecjundiai.com.br\/news\/wp-content\/uploads\/sites\/2\/2021\/05\/pregnant-1245703_1920-300x200.jpg 300w, https:\/\/tvtecjundiai.com.br\/news\/wp-content\/uploads\/sites\/2\/2021\/05\/pregnant-1245703_1920-768x512.jpg 768w, https:\/\/tvtecjundiai.com.br\/news\/wp-content\/uploads\/sites\/2\/2021\/05\/pregnant-1245703_1920.jpg 1280w\" sizes=\"auto, (max-width: 1200px) 100vw, 1200px\" \/><figcaption>Texto prev\u00ea que empregadas gestantes devem permanecer afastadas das atividades presenciais<\/figcaption><\/figure>\n\n\n\n<p>&#8220;A empregada gestante, al\u00e9m de necessitar de cuidados especiais para a preserva\u00e7\u00e3o de sua sa\u00fade, tem que adotar todas as medidas poss\u00edveis para a prote\u00e7\u00e3o da vida que carrega. N\u00e3o pode, em um momento como o ora vivenciado no Pa\u00eds, ficar exposta a este terr\u00edvel v\u00edrus, que pode ceifar a sua vida, a de seu filho, bem como arrasar o seu n\u00facleo familiar&#8221;, afirmou a senadora Nilda Gondim (MDB-PB), relatora do projeto de lei, que foi aprovado no Senado no dia 15 de abril.<\/p>\n\n\n\n<p>Na \u00e9poca, a proposta levantou cr\u00edticas. O l\u00edder do PSDB, Izalci Lucas (DF), citou o risco de micro e pequenas empresas ficarem sem dinheiro para manter as gestantes em trabalho remoto em fun\u00e7\u00f5es que exigem trabalho presencial, como cozinheiras. Ele chegou a sugerir que as funcion\u00e1rias tivessem uma licen\u00e7a remunerada pelo INSS se o empregador n\u00e3o conseguisse remanej\u00e1-las para outro setor de menor risco. Para evitar o retorno do projeto \u00e0 C\u00e2mara e atrasar a tramita\u00e7\u00e3o, a sugest\u00e3o foi rejeitada. Al\u00e9m disso, o dispositivo aumentaria os gastos do governo federal.<\/p>\n\n\n\n<p><em>(Texto: Estad\u00e3o\/Imagem: TVTEC)<\/em><\/p>\n","protected":false},"excerpt":{"rendered":"<p>Texto prev\u00ea que empregadas gestantes devem permanecer afastadas das atividades presenciais<\/p>\n","protected":false},"author":28,"featured_media":75800,"comment_status":"closed","ping_status":"closed","sticky":false,"template":"","format":"standard","meta":{"footnotes":""},"categories":[8356,1],"tags":[],"class_list":["post-75799","post","type-post","status-publish","format-standard","has-post-thumbnail","hentry","category-jundiai","category-noticias"],"_links":{"self":[{"href":"https:\/\/tvtecjundiai.com.br\/news\/wp-json\/wp\/v2\/posts\/75799","targetHints":{"allow":["GET"]}}],"collection":[{"href":"https:\/\/tvtecjundiai.com.br\/news\/wp-json\/wp\/v2\/posts"}],"about":[{"href":"https:\/\/tvtecjundiai.com.br\/news\/wp-json\/wp\/v2\/types\/post"}],"author":[{"embeddable":true,"href":"https:\/\/tvtecjundiai.com.br\/news\/wp-json\/wp\/v2\/users\/28"}],"replies":[{"embeddable":true,"href":"https:\/\/tvtecjundiai.com.br\/news\/wp-json\/wp\/v2\/comments?post=75799"}],"version-history":[{"count":1,"href":"https:\/\/tvtecjundiai.com.br\/news\/wp-json\/wp\/v2\/posts\/75799\/revisions"}],"predecessor-version":[{"id":75801,"href":"https:\/\/tvtecjundiai.com.br\/news\/wp-json\/wp\/v2\/posts\/75799\/revisions\/75801"}],"wp:featuredmedia":[{"embeddable":true,"href":"https:\/\/tvtecjundiai.com.br\/news\/wp-json\/wp\/v2\/media\/75800"}],"wp:attachment":[{"href":"https:\/\/tvtecjundiai.com.br\/news\/wp-json\/wp\/v2\/media?parent=75799"}],"wp:term":[{"taxonomy":"category","embeddable":true,"href":"https:\/\/tvtecjundiai.com.br\/news\/wp-json\/wp\/v2\/categories?post=75799"},{"taxonomy":"post_tag","embeddable":true,"href":"https:\/\/tvtecjundiai.com.br\/news\/wp-json\/wp\/v2\/tags?post=75799"}],"curies":[{"name":"wp","href":"https:\/\/api.w.org\/{rel}","templated":true}]}}