{"id":75802,"date":"2021-05-21T10:01:00","date_gmt":"2021-05-21T13:01:00","guid":{"rendered":"https:\/\/tvtecjundiai.com.br\/news\/?p=75802"},"modified":"2021-05-21T12:21:58","modified_gmt":"2021-05-21T15:21:58","slug":"lembranca-boa-ha-tres-meses-jundiai-recebia-sua-primeira-dose-de-vacina-2","status":"publish","type":"post","link":"https:\/\/tvtecjundiai.com.br\/news\/2021\/05\/21\/lembranca-boa-ha-tres-meses-jundiai-recebia-sua-primeira-dose-de-vacina-2\/","title":{"rendered":"H\u00e1 quatro meses, Jundia\u00ed aplicava sua primeira dose de vacina contra a COVID-19"},"content":{"rendered":"\n<p>H\u00e1 exatos quatro meses, Jundia\u00ed recebia seu primeiro lote de vacinas. No dia 21 de janeiro de 2021, \u00e0s 10h30, as vacinas contra a COVID-19 chegavam na cidade em um caminh\u00e3o escoltado pela Pol\u00edcia Militar e pela Guarda Municipal. Foi um dia de muita emo\u00e7\u00e3o para todos que aguardavam ansiosamente a chegada do imunizante.<\/p>\n\n\n\n<p>A cidade recebeu 4.760 doses, que foram distribu\u00eddos entre os hospitais e os servi\u00e7os de sa\u00fade que estavam na linha de frente ao atendimento da COVID-19.<\/p>\n\n\n\n<figure class=\"wp-block-image size-large\"><img loading=\"lazy\" decoding=\"async\" width=\"1200\" height=\"800\" src=\"https:\/\/tvtecjundiai.com.br\/news\/wp-content\/uploads\/sites\/2\/2021\/05\/vacina_covid_jundiai-369-1200x800.jpg\" alt=\"\" class=\"wp-image-75803\" srcset=\"https:\/\/tvtecjundiai.com.br\/news\/wp-content\/uploads\/sites\/2\/2021\/05\/vacina_covid_jundiai-369-1200x800.jpg 1200w, https:\/\/tvtecjundiai.com.br\/news\/wp-content\/uploads\/sites\/2\/2021\/05\/vacina_covid_jundiai-369-300x200.jpg 300w, https:\/\/tvtecjundiai.com.br\/news\/wp-content\/uploads\/sites\/2\/2021\/05\/vacina_covid_jundiai-369-768x512.jpg 768w, https:\/\/tvtecjundiai.com.br\/news\/wp-content\/uploads\/sites\/2\/2021\/05\/vacina_covid_jundiai-369.jpg 1280w\" sizes=\"auto, (max-width: 1200px) 100vw, 1200px\" \/><figcaption>A enfermeira Tatiane foi a primeira jundiaiense a receber a dose da vacina contra a COVID-19<\/figcaption><\/figure>\n\n\n\n<p>E \u00e9 claro que o dia foi marcado por muita emo\u00e7\u00e3o. \u201c\u00c9 muita alegria, eu n\u00e3o durmo h\u00e1 tr\u00eas dias. A gente est\u00e1 com esperan\u00e7a que acabe logo esse sofrimento, das pessoas, das fam\u00edlias que perderam seus parentes\u201d, disse a farmac\u00eautica D\u00e9bora Galv\u00e3o.<\/p>\n\n\n\n<p>A primeira jundiaiense a receber a vacina foi a t\u00e9cnica de enfermagem do Hospital S\u00e3o Vicente de Paulo, Tatiane Dantas de Carvalho, de 39 anos. \u201cFoi um sentimento maravilhoso, me sinto lisonjeada de ser a primeira e feliz por saber que os demais tamb\u00e9m ser\u00e3o vacinados\u201d, relatou a enfermeira.<\/p>\n\n\n\n<p>Quem recebeu a vacina na sequ\u00eancia foi a m\u00e9dica intensivista Milena Le\u00e3o. \u201c\u00c9 um sentimento de esperan\u00e7a, de alegria, realmente a gente vinha nessa expectativa h\u00e1 10 meses\u201d, comentou emocionada.<\/p>\n\n\n\n<figure class=\"wp-block-image size-large\"><img loading=\"lazy\" decoding=\"async\" width=\"1200\" height=\"800\" src=\"https:\/\/tvtecjundiai.com.br\/news\/wp-content\/uploads\/sites\/2\/2021\/05\/vacina_covid_jundiai-237-1200x800.jpg\" alt=\"\" class=\"wp-image-75804\" srcset=\"https:\/\/tvtecjundiai.com.br\/news\/wp-content\/uploads\/sites\/2\/2021\/05\/vacina_covid_jundiai-237-1200x800.jpg 1200w, https:\/\/tvtecjundiai.com.br\/news\/wp-content\/uploads\/sites\/2\/2021\/05\/vacina_covid_jundiai-237-300x200.jpg 300w, https:\/\/tvtecjundiai.com.br\/news\/wp-content\/uploads\/sites\/2\/2021\/05\/vacina_covid_jundiai-237-768x512.jpg 768w, https:\/\/tvtecjundiai.com.br\/news\/wp-content\/uploads\/sites\/2\/2021\/05\/vacina_covid_jundiai-237.jpg 1280w\" sizes=\"auto, (max-width: 1200px) 100vw, 1200px\" \/><figcaption>Primeiro lote de vacinas chegou \u00e0 cidade em 21 de janeiro deste ano<\/figcaption><\/figure>\n\n\n\n<p>Para o prefeito Luiz Fernando Machado, o recebimento da primeira dose da vacina significou esperan\u00e7a para o povo de Jundia\u00ed. \u201c\u00c9 um sentimento de esperan\u00e7a, um sentimento muito positivo, que a sociedade tem nos ajudado a enfrentar esse momento de pandemia\u201d, comentou o prefeito.<\/p>\n\n\n\n<p><em>(Texto: TVTEC\/Imagens: Prefeitura de Jundia\u00ed)<\/em><\/p>\n\n\n\n<figure class=\"wp-block-embed is-type-video is-provider-youtube wp-block-embed-youtube wp-embed-aspect-16-9 wp-has-aspect-ratio\"><div class=\"wp-block-embed__wrapper\">\n<iframe loading=\"lazy\" title=\"Chegada da vacina em Jundia\u00ed \u00e9 marcada pela emo\u00e7\u00e3o\" width=\"500\" height=\"281\" src=\"https:\/\/www.youtube.com\/embed\/gSb7EI0yV74?feature=oembed\" frameborder=\"0\" allow=\"accelerometer; autoplay; clipboard-write; encrypted-media; gyroscope; picture-in-picture; web-share\" referrerpolicy=\"strict-origin-when-cross-origin\" allowfullscreen><\/iframe>\n<\/div><\/figure>\n\n\n\n<p><\/p>\n","protected":false},"excerpt":{"rendered":"<p>No dia 21 de janeiro, a cidade recebia 4.760 doses contra a COVID-19 <\/p>\n","protected":false},"author":28,"featured_media":75803,"comment_status":"closed","ping_status":"closed","sticky":false,"template":"","format":"standard","meta":{"footnotes":""},"categories":[8356,1],"tags":[],"class_list":["post-75802","post","type-post","status-publish","format-standard","has-post-thumbnail","hentry","category-jundiai","category-noticias"],"_links":{"self":[{"href":"https:\/\/tvtecjundiai.com.br\/news\/wp-json\/wp\/v2\/posts\/75802","targetHints":{"allow":["GET"]}}],"collection":[{"href":"https:\/\/tvtecjundiai.com.br\/news\/wp-json\/wp\/v2\/posts"}],"about":[{"href":"https:\/\/tvtecjundiai.com.br\/news\/wp-json\/wp\/v2\/types\/post"}],"author":[{"embeddable":true,"href":"https:\/\/tvtecjundiai.com.br\/news\/wp-json\/wp\/v2\/users\/28"}],"replies":[{"embeddable":true,"href":"https:\/\/tvtecjundiai.com.br\/news\/wp-json\/wp\/v2\/comments?post=75802"}],"version-history":[{"count":4,"href":"https:\/\/tvtecjundiai.com.br\/news\/wp-json\/wp\/v2\/posts\/75802\/revisions"}],"predecessor-version":[{"id":76186,"href":"https:\/\/tvtecjundiai.com.br\/news\/wp-json\/wp\/v2\/posts\/75802\/revisions\/76186"}],"wp:featuredmedia":[{"embeddable":true,"href":"https:\/\/tvtecjundiai.com.br\/news\/wp-json\/wp\/v2\/media\/75803"}],"wp:attachment":[{"href":"https:\/\/tvtecjundiai.com.br\/news\/wp-json\/wp\/v2\/media?parent=75802"}],"wp:term":[{"taxonomy":"category","embeddable":true,"href":"https:\/\/tvtecjundiai.com.br\/news\/wp-json\/wp\/v2\/categories?post=75802"},{"taxonomy":"post_tag","embeddable":true,"href":"https:\/\/tvtecjundiai.com.br\/news\/wp-json\/wp\/v2\/tags?post=75802"}],"curies":[{"name":"wp","href":"https:\/\/api.w.org\/{rel}","templated":true}]}}