{"id":75812,"date":"2021-05-14T17:11:40","date_gmt":"2021-05-14T20:11:40","guid":{"rendered":"https:\/\/tvtecjundiai.com.br\/news\/?p=75812"},"modified":"2021-05-14T17:57:32","modified_gmt":"2021-05-14T20:57:32","slug":"camara-municipal-de-jundiai-promove-seminario-online-sobre-alergia-alimentar-1","status":"publish","type":"post","link":"https:\/\/tvtecjundiai.com.br\/news\/2021\/05\/14\/camara-municipal-de-jundiai-promove-seminario-online-sobre-alergia-alimentar-1\/","title":{"rendered":"C\u00e2mara Municipal de Jundia\u00ed promove semin\u00e1rio online sobre Alergia Alimentar"},"content":{"rendered":"\n<p>Na pr\u00f3xima&nbsp;sexta-feira (21), a partir das 9h, a C\u00e2mara Municipal de Jundia\u00ed ir\u00e1 transmitir ao vivo, pela TV C\u00e2mara (canais 12.2UHF e 4NET) e pela internet (Facebook e Youtube), o semin\u00e1rio on-line promovido pelo Departamento de Alimenta\u00e7\u00e3o e Nutri\u00e7\u00e3o da Unidade de Gest\u00e3o de Educa\u00e7\u00e3o que vai abordar a Conscientiza\u00e7\u00e3o sobre Alergia Alimentar.<\/p>\n\n\n\n<p>O assunto tamb\u00e9m \u00e9 tema do Projeto de Lei 13.358\/2021, de autoria do Presidente da C\u00e2mara, vereador Faouaz Taha. O texto, que cria a \u201cSemana Municipal de Conscientiza\u00e7\u00e3o sobre Alergia Alimentar\u201d, tramita na Casa e deve ser votado ainda neste m\u00eas. \u201cRecebemos a sugest\u00e3o deste projeto do pr\u00f3prio Departamento de Nutri\u00e7\u00e3o da prefeitura. Criar a Semana e promover esse debate de conscientiza\u00e7\u00e3o sobre alergia alimentar \u00e9 uma a\u00e7\u00e3o que soma ao trabalho j\u00e1 feito na Educa\u00e7\u00e3o, t\u00e3o atenta \u00e0s novas necessidades de alunos e fam\u00edlias. Nosso objetivo \u00e9 contribuir com informa\u00e7\u00f5es que auxiliem esse atendimento espec\u00edfico e ampliar o conhecimento sobre esses casos para seguran\u00e7a de todos\u201d, explica Faouaz.<\/p>\n\n\n\n<p>O semin\u00e1rio ser\u00e1 apresentado pela diretora do Departamento de Alimenta\u00e7\u00e3o e Nutri\u00e7\u00e3o da prefeitura, Maria \u00c2ngela Oliveira Delgado, e contar\u00e1 com tr\u00eas palestrantes convidadas.<\/p>\n\n\n\n<p>No per\u00edodo da manh\u00e3, a psic\u00f3loga \u00c9rika Campos Gomes, mestre em Psicologia Cl\u00ednica e criadora do projeto \u201cEscola Amiga da Alergia\u201d, falar\u00e1 sobre a &#8220;Experi\u00eancia exitosa nos cuidados com al\u00e9rgicos, na \u00e1rea de alimenta\u00e7\u00e3o escolar&#8221;.<\/p>\n\n\n\n<p>Em seguida, a alergista e imunologista Ariana Yang, doutora em Ci\u00eancias pela USP e m\u00e9dica do Hospital das Cl\u00ednicas e Unicamp, tamb\u00e9m diretora do Instituto de Alergia de Campinas, apresentar\u00e1 a palestra &#8220;Meu filho \u00e9 al\u00e9rgico e agora?&#8221;.<\/p>\n\n\n\n<p>No per\u00edodo da tarde, a nutricionista Carina Scapinelli, p\u00f3s graduada em Nutri\u00e7\u00e3o Cl\u00ednica e Esportiva Funcional, Fitoterapia, Nutri\u00e7\u00e3o Ortomolecular com base em nutrigen\u00f4mica, especializada em Nutri\u00e7\u00e3o Materno Infantil, falar\u00e1 sobre &#8220;Alergia e os aspectos nutricionais&#8221;.<\/p>\n\n\n\n<p>O semin\u00e1rio \u00e9 voltado aos profissionais de educa\u00e7\u00e3o, profissionais da sa\u00fade, pais e p\u00fablico em geral com interesse no tema. D\u00favidas poder\u00e3o ser enviadas no campo de coment\u00e1rios da transmiss\u00e3o pelo Facebook e YouTube.<\/p>\n\n\n\n<div class=\"wp-block-image\"><figure class=\"aligncenter size-large\"><img loading=\"lazy\" decoding=\"async\" width=\"768\" height=\"512\" src=\"https:\/\/tvtecjundiai.com.br\/news\/wp-content\/uploads\/sites\/2\/2021\/05\/image_large-1.png\" alt=\"\" class=\"wp-image-75814\" srcset=\"https:\/\/tvtecjundiai.com.br\/news\/wp-content\/uploads\/sites\/2\/2021\/05\/image_large-1.png 768w, https:\/\/tvtecjundiai.com.br\/news\/wp-content\/uploads\/sites\/2\/2021\/05\/image_large-1-300x200.png 300w\" sizes=\"auto, (max-width: 768px) 100vw, 768px\" \/><figcaption>O evento contar\u00e1 com a participa\u00e7\u00e3o de v\u00e1rios especialistas<\/figcaption><\/figure><\/div>\n\n\n\n<p><em>(Texto\/Imagem: Assessoria de Imprensa)<\/em><\/p>\n","protected":false},"excerpt":{"rendered":"<p>Semin\u00e1rio ser\u00e1 transmitido na sexta-feira (21), a partir das 9h, pela TV C\u00e2mara e pelos canais da internet<\/p>\n","protected":false},"author":28,"featured_media":73199,"comment_status":"closed","ping_status":"closed","sticky":false,"template":"","format":"standard","meta":{"footnotes":""},"categories":[8356,1],"tags":[],"class_list":["post-75812","post","type-post","status-publish","format-standard","has-post-thumbnail","hentry","category-jundiai","category-noticias"],"_links":{"self":[{"href":"https:\/\/tvtecjundiai.com.br\/news\/wp-json\/wp\/v2\/posts\/75812","targetHints":{"allow":["GET"]}}],"collection":[{"href":"https:\/\/tvtecjundiai.com.br\/news\/wp-json\/wp\/v2\/posts"}],"about":[{"href":"https:\/\/tvtecjundiai.com.br\/news\/wp-json\/wp\/v2\/types\/post"}],"author":[{"embeddable":true,"href":"https:\/\/tvtecjundiai.com.br\/news\/wp-json\/wp\/v2\/users\/28"}],"replies":[{"embeddable":true,"href":"https:\/\/tvtecjundiai.com.br\/news\/wp-json\/wp\/v2\/comments?post=75812"}],"version-history":[{"count":1,"href":"https:\/\/tvtecjundiai.com.br\/news\/wp-json\/wp\/v2\/posts\/75812\/revisions"}],"predecessor-version":[{"id":75815,"href":"https:\/\/tvtecjundiai.com.br\/news\/wp-json\/wp\/v2\/posts\/75812\/revisions\/75815"}],"wp:featuredmedia":[{"embeddable":true,"href":"https:\/\/tvtecjundiai.com.br\/news\/wp-json\/wp\/v2\/media\/73199"}],"wp:attachment":[{"href":"https:\/\/tvtecjundiai.com.br\/news\/wp-json\/wp\/v2\/media?parent=75812"}],"wp:term":[{"taxonomy":"category","embeddable":true,"href":"https:\/\/tvtecjundiai.com.br\/news\/wp-json\/wp\/v2\/categories?post=75812"},{"taxonomy":"post_tag","embeddable":true,"href":"https:\/\/tvtecjundiai.com.br\/news\/wp-json\/wp\/v2\/tags?post=75812"}],"curies":[{"name":"wp","href":"https:\/\/api.w.org\/{rel}","templated":true}]}}