{"id":75835,"date":"2021-05-15T10:38:38","date_gmt":"2021-05-15T13:38:38","guid":{"rendered":"https:\/\/tvtecjundiai.com.br\/news\/?p=75835"},"modified":"2021-05-15T10:38:38","modified_gmt":"2021-05-15T13:38:38","slug":"guarda-municipal-de-jundiai-ministra-capacitacao-para-peritos-criminais-da-policia-civil","status":"publish","type":"post","link":"https:\/\/tvtecjundiai.com.br\/news\/2021\/05\/15\/guarda-municipal-de-jundiai-ministra-capacitacao-para-peritos-criminais-da-policia-civil\/","title":{"rendered":"Guarda Municipal de Jundia\u00ed ministra capacita\u00e7\u00e3o para peritos criminais da Pol\u00edcia Civil"},"content":{"rendered":"\n<p>A Guarda Municipal de Jundia\u00ed (GMJ) formou nesta semana mais 25 peritos da Pol\u00edcia Civil pelo curso de T\u00e9cnicas de Abordagem e habilita\u00e7\u00e3o em armamento CTT.40. A forma\u00e7\u00e3o foi conduzida pela Coordenadoria de Instru\u00e7\u00e3o e Forma\u00e7\u00e3o (CIF) da corpora\u00e7\u00e3o, renomada em toda a regi\u00e3o, e teve dura\u00e7\u00e3o de 40 horas\/aula, realizadas no estande de tiro da GMJ, no Centro de Gerenciamento de Res\u00edduos S\u00f3lidos (Geresol), no Distrito Industrial.<\/p>\n\n\n\n<p>A gestora da Unidade de Gest\u00e3o de Seguran\u00e7a Municipal (UGSM), coronel Carla Basson, destacou a efetividade do trabalho em parceria com as demais For\u00e7as Policiais. \u201cA capacita\u00e7\u00e3o \u00e9 necess\u00e1ria a todo profissional e na \u00e1rea de Seguran\u00e7a P\u00fablica mais ainda. Esta troca de ideias e conhecimento \u00e9 fundamental para o fortalecimento de nossas parcerias e para elevar a efic\u00e1cia na presta\u00e7\u00e3o de servi\u00e7o\u201d, explica a gestora, que esteve no estande de tiro ao lado do comandante da GMJ, Benedito Marcos Moreno.<\/p>\n\n\n\n<p>As disciplinas da forma\u00e7\u00e3o foram ministradas pelos instrutores GMJ Orlando Pupo e Luiz Relvy e o subinspetor Roberto Rivelino Carobeli.<\/p>\n\n\n\n<figure class=\"wp-block-image\"><img decoding=\"async\" src=\"https:\/\/jundiai.sp.gov.br\/noticias\/wp-content\/uploads\/sites\/32\/2021\/05\/capacitacao_gmj-abordagem.jpg\" alt=\"Pessoas usando m\u00e1scaras perfiladas, algumas com coletes \u00e0 prova de balas e outras com uniformes policiais, em \u00e1rea descampada\" class=\"wp-image-268095\" \/><\/figure>\n\n\n\n<p>Segundo o perito policial Bruno Henrique Ugliara, h\u00e1 quatro anos na institui\u00e7\u00e3o, capacita\u00e7\u00f5es nessa \u00e1rea s\u00e3o fundamentais para o dia a dia do profissional. \u201cCursos como este contribuem para somar e dar condi\u00e7\u00f5es ao nosso trabalho. Assim, evitam-se as surpresas e conseguimos trabalhar de modo a preservar os locais de atua\u00e7\u00e3o\u201d.<\/p>\n\n\n\n<p>Para o respons\u00e1vel pela CIF, o subinspetor Cl\u00e1udio de Souza, cursos como este contribuem para o aprendizado de ambas as corpora\u00e7\u00f5es. \u201cNas capacita\u00e7\u00f5es que realizamos, aprendemos muito com os agentes policiais. Esta troca de conhecimento \u00e9 muito importante para termos uma resposta mais eficaz nos atendimentos\u201d, comentou.<\/p>\n\n\n\n<p><em>(Texto\/Imagem: Assessoria de Imprensa)<\/em><\/p>\n","protected":false},"excerpt":{"rendered":"<p>A forma\u00e7\u00e3o foi realizada no estande de tiros no Distrito Industrial <\/p>\n","protected":false},"author":24,"featured_media":75836,"comment_status":"closed","ping_status":"closed","sticky":false,"template":"","format":"standard","meta":{"footnotes":""},"categories":[8356,4831],"tags":[],"class_list":["post-75835","post","type-post","status-publish","format-standard","has-post-thumbnail","hentry","category-jundiai","category-seguranca"],"_links":{"self":[{"href":"https:\/\/tvtecjundiai.com.br\/news\/wp-json\/wp\/v2\/posts\/75835","targetHints":{"allow":["GET"]}}],"collection":[{"href":"https:\/\/tvtecjundiai.com.br\/news\/wp-json\/wp\/v2\/posts"}],"about":[{"href":"https:\/\/tvtecjundiai.com.br\/news\/wp-json\/wp\/v2\/types\/post"}],"author":[{"embeddable":true,"href":"https:\/\/tvtecjundiai.com.br\/news\/wp-json\/wp\/v2\/users\/24"}],"replies":[{"embeddable":true,"href":"https:\/\/tvtecjundiai.com.br\/news\/wp-json\/wp\/v2\/comments?post=75835"}],"version-history":[{"count":1,"href":"https:\/\/tvtecjundiai.com.br\/news\/wp-json\/wp\/v2\/posts\/75835\/revisions"}],"predecessor-version":[{"id":75837,"href":"https:\/\/tvtecjundiai.com.br\/news\/wp-json\/wp\/v2\/posts\/75835\/revisions\/75837"}],"wp:featuredmedia":[{"embeddable":true,"href":"https:\/\/tvtecjundiai.com.br\/news\/wp-json\/wp\/v2\/media\/75836"}],"wp:attachment":[{"href":"https:\/\/tvtecjundiai.com.br\/news\/wp-json\/wp\/v2\/media?parent=75835"}],"wp:term":[{"taxonomy":"category","embeddable":true,"href":"https:\/\/tvtecjundiai.com.br\/news\/wp-json\/wp\/v2\/categories?post=75835"},{"taxonomy":"post_tag","embeddable":true,"href":"https:\/\/tvtecjundiai.com.br\/news\/wp-json\/wp\/v2\/tags?post=75835"}],"curies":[{"name":"wp","href":"https:\/\/api.w.org\/{rel}","templated":true}]}}