{"id":75869,"date":"2021-05-16T10:19:28","date_gmt":"2021-05-16T13:19:28","guid":{"rendered":"https:\/\/tvtecjundiai.com.br\/news\/?p=75869"},"modified":"2021-05-16T10:28:23","modified_gmt":"2021-05-16T13:28:23","slug":"bruno-covas-prefeito-de-sao-paulo-morre-aos-41-anos-vitima-de-cancer1","status":"publish","type":"post","link":"https:\/\/tvtecjundiai.com.br\/news\/2021\/05\/16\/bruno-covas-prefeito-de-sao-paulo-morre-aos-41-anos-vitima-de-cancer1\/","title":{"rendered":"Bruno Covas, prefeito de S\u00e3o Paulo, morre aos 41 anos, v\u00edtima de c\u00e2ncer"},"content":{"rendered":"\n<p>O prefeito licenciado de S\u00e3o Paulo, Bruno Covas (PSDB)  morreu \u00e0s 8h20 deste domingo (16) aos 41 anos, em S\u00e3o Paulo. Desde 2019, ele lutava contra um c\u00e2ncer no sistema digestivo com met\u00e1stase nos ossos e no f\u00edgado.&nbsp;<\/p>\n\n\n\n<p>Covas estava internado no Hospital S\u00edrio-Liban\u00eas, no Centro da capital paulista, desde 2 de maio, quando se licenciou da prefeitura. Na sexta-feira (14), ele teve uma piora no quadro de sa\u00fade e a equipe m\u00e9dica informou que seu quadro havia se tornado irrevers\u00edvel.<\/p>\n\n\n\n<p>&#8220;O prefeito de S\u00e3o Paulo Bruno Covas faleceu hoje \u00e0s 08:20 em decorr\u00eancia de um c\u00e2ncer da transi\u00e7\u00e3o es\u00f4fago g\u00e1strica, com met\u00e1stase ao diagn\u00f3stico, e suas complica\u00e7\u00f5es ap\u00f3s longo per\u00edodo de tratamento. Ele estava internado no Hospital S\u00edrio-Liban\u00eas desde o dia 2 de maio, sob os cuidados das equipes m\u00e9dicas coordenadas pelo Prof. Dr. David Uip, Dr. Artur Katz, Dr. Tulio Eduardo Flesch Pfiffer, Prof. Dr. Raul Cutait e Prof. Dr. Roberto Kalil&#8221;, diz a nota divulgada pela Prefeitura de S\u00e3o Paulo.<\/p>\n\n\n\n<p>Nas \u00faltimas horas de vida, o prefeito recebeu sedativos e analg\u00e9sicos para n\u00e3o sentir dores.<\/p>\n\n\n\n<p>Familiares e amigos de Covas permaneceram no hospital desde que os m\u00e9dicos informaram que seu quadro de sa\u00fade era irrevers\u00edvel.<\/p>\n\n\n\n<p>Na noite de sexta (14), um padre chegou a fazer a un\u00e7\u00e3o dos enfermos, um sacramento cat\u00f3lico. Durante a noite de s\u00e1bado (15), representantes de diversas religi\u00f5es participaram do ato ecum\u00eanico na porta do hospital, que durou 30 minutos e terminou com a ora\u00e7\u00e3o Pai Nosso.<\/p>\n\n\n\n<p>Covas teve o c\u00e2ncer diagnosticado em Outubto de 2019, ap\u00f3s ser internado com uma infec\u00e7\u00e3o na pele chamada erisipela. O tumor regrediu, mas, neste ano, novos n\u00f3dulos foram encontrados no figado na coluna e na bacia.<\/p>\n\n\n\n<p>O prefeito deixa o filho, Tom\u00e1s, de 15 anos.<\/p>\n\n\n\n<p>Covas \u00e9 o primeiro prefeito da cidade de S\u00e3o Paulo a morrer durante o mandato.Ricardo Nunes (MDB) o vice que hoje e prefeito em exerc\u00edcio, ir\u00e1 assumir definitivamente o cargo.<\/p>\n\n\n\n<p><em>(Texto: G1 <em>Foto: Reprodu\u00e7\u00e3o Instagram<\/em>)<\/em><\/p>\n\n\n\n<p><\/p>\n","protected":false},"excerpt":{"rendered":"<p>O prefeito enfrentava c\u00e2ncer no sistema digestivo e estava internado desde 2 de maio <\/p>\n","protected":false},"author":24,"featured_media":75870,"comment_status":"closed","ping_status":"closed","sticky":false,"template":"","format":"standard","meta":{"footnotes":""},"categories":[1],"tags":[],"class_list":["post-75869","post","type-post","status-publish","format-standard","has-post-thumbnail","hentry","category-noticias"],"_links":{"self":[{"href":"https:\/\/tvtecjundiai.com.br\/news\/wp-json\/wp\/v2\/posts\/75869","targetHints":{"allow":["GET"]}}],"collection":[{"href":"https:\/\/tvtecjundiai.com.br\/news\/wp-json\/wp\/v2\/posts"}],"about":[{"href":"https:\/\/tvtecjundiai.com.br\/news\/wp-json\/wp\/v2\/types\/post"}],"author":[{"embeddable":true,"href":"https:\/\/tvtecjundiai.com.br\/news\/wp-json\/wp\/v2\/users\/24"}],"replies":[{"embeddable":true,"href":"https:\/\/tvtecjundiai.com.br\/news\/wp-json\/wp\/v2\/comments?post=75869"}],"version-history":[{"count":4,"href":"https:\/\/tvtecjundiai.com.br\/news\/wp-json\/wp\/v2\/posts\/75869\/revisions"}],"predecessor-version":[{"id":75874,"href":"https:\/\/tvtecjundiai.com.br\/news\/wp-json\/wp\/v2\/posts\/75869\/revisions\/75874"}],"wp:featuredmedia":[{"embeddable":true,"href":"https:\/\/tvtecjundiai.com.br\/news\/wp-json\/wp\/v2\/media\/75870"}],"wp:attachment":[{"href":"https:\/\/tvtecjundiai.com.br\/news\/wp-json\/wp\/v2\/media?parent=75869"}],"wp:term":[{"taxonomy":"category","embeddable":true,"href":"https:\/\/tvtecjundiai.com.br\/news\/wp-json\/wp\/v2\/categories?post=75869"},{"taxonomy":"post_tag","embeddable":true,"href":"https:\/\/tvtecjundiai.com.br\/news\/wp-json\/wp\/v2\/tags?post=75869"}],"curies":[{"name":"wp","href":"https:\/\/api.w.org\/{rel}","templated":true}]}}