{"id":75884,"date":"2021-05-16T11:02:58","date_gmt":"2021-05-16T14:02:58","guid":{"rendered":"https:\/\/tvtecjundiai.com.br\/news\/?p=75884"},"modified":"2021-05-16T11:02:58","modified_gmt":"2021-05-16T14:02:58","slug":"novas-bases-da-guarda-municipal-de-jundiai-reforcam-a-seguranca-do-centro-e-da-ponte-sao-joao","status":"publish","type":"post","link":"https:\/\/tvtecjundiai.com.br\/news\/2021\/05\/16\/novas-bases-da-guarda-municipal-de-jundiai-reforcam-a-seguranca-do-centro-e-da-ponte-sao-joao\/","title":{"rendered":"Novas bases da Guarda Municipal de Jundia\u00ed refor\u00e7am a seguran\u00e7a do Centro e da Ponte S\u00e3o Jo\u00e3o"},"content":{"rendered":"\n<p>O Centro da cidade e a Ponte S\u00e3o Jo\u00e3o passam a contar com refor\u00e7o no patrulhamento realizado pela Guarda Municipal de Jundia\u00ed (GMJ). As novas bases comunit\u00e1rias ser\u00e3o utilizadas pelas equipes do Centro Seguro e Bairro Seguro, que fazem o policiamento comunit\u00e1rio nessas regi\u00f5es da cidade. As novas viaturas foram adquiridas com recursos de emenda parlamentar destinada para Jundia\u00ed pelo deputado Miguel Haddad.<\/p>\n\n\n\n<p>Os primeiros dias de trabalho j\u00e1 apresentaram resultados positivos, com o aumento da sensa\u00e7\u00e3o de seguran\u00e7a dos moradores, comerciantes e consumidores. Em sete dias foram feitas 47 abordagens e quatro pessoas detidas.<\/p>\n\n\n\n<p>A seguran\u00e7a continua sendo prioridade da administra\u00e7\u00e3o municipal neste segundo mandato. No tri\u00eanio 2021\/2023 est\u00e3o programados pela gest\u00e3o Luiz Fernando Machado investimentos de mais de R$ 30 milh\u00f5es, com foco em inova\u00e7\u00e3o e intelig\u00eancia dos servi\u00e7os de seguran\u00e7a. A central de monitoramento ter\u00e1 dobrado o n\u00famero de c\u00e2meras espalhadas pelos bairros da cidade, assim como ser\u00e3o adquiridos novos armamentos e equipamentos de prote\u00e7\u00e3o para os guardas. Uma moderna central de urg\u00eancia e emerg\u00eancia, que re\u00fane a GM, SAMU e Defesa Civil, ser\u00e1 constru\u00edda na Av. 14 de Dezembro, al\u00e9m de uma inspetoria e canil na regi\u00e3o Oeste, cujas obras se iniciam em breve.<\/p>\n\n\n\n<figure class=\"wp-block-image\"><img decoding=\"async\" src=\"https:\/\/jundiai.sp.gov.br\/noticias\/wp-content\/uploads\/sites\/32\/2021\/05\/base-movel-guarda-municipal-na-ponte-sao-joao_c_-5.jpg\" alt=\"\" class=\"wp-image-268104\" \/><\/figure>\n\n\n\n<p>\u201cEm apenas uma semana com a amplia\u00e7\u00e3o da equipe e intensifica\u00e7\u00e3o nas rondas nessas duas regi\u00f5es de grande circula\u00e7\u00e3o de pessoas foi poss\u00edvel interagir com os moradores e comerciantes e ampliar a sensa\u00e7\u00e3o de seguran\u00e7a. De maneira integrada e em multiplataformas, a atua\u00e7\u00e3o da GM seguir\u00e1 trabalhando para entregar ao mun\u00edcipe um servi\u00e7o de excel\u00eancia\u201d, comenta a gestora da Unidade de Gest\u00e3o de Seguran\u00e7a Municipal (UGSM), coronel Carla Basson.<\/p>\n\n\n\n<p>Para a moradora na Ponte S\u00e3o Jo\u00e3o h\u00e1 47 anos e presidente do Conselho de Seguran\u00e7a Leste (Conseg Leste), Andrea Bonamigo, o bairro come\u00e7a a colher os bons frutos. \u201cOs moradores da Ponte S\u00e3o Jo\u00e3o adoram o bairro e j\u00e1 perceberam que a sensa\u00e7\u00e3o de seguran\u00e7a \u00e9 maior, com as equipes da Guarda Municipal pr\u00f3ximas, em circula\u00e7\u00e3o, conhecem os profissionais e isso proporciona a tranquilidade de saber onde buscar por ajuda\u201d, conta.<\/p>\n\n\n\n<p><strong>Em dados<\/strong><\/p>\n\n\n\n<p>De acordo com levantamento estat\u00edstico da corpora\u00e7\u00e3o, a m\u00e9dia de atendimentos na regi\u00e3o da Ponte S\u00e3o Jo\u00e3o no \u00faltimo ano foi de 70 ocorr\u00eancias. \u201cEm uma semana foram atendidas 12 ocorr\u00eancias pelas equipes do Bairro Seguro na Ponte S\u00e3o Jo\u00e3o e 35 na regi\u00e3o Central. Com a presen\u00e7a cont\u00ednua da GM nesses locais, a tend\u00eancia \u00e9 a redu\u00e7\u00e3o dos delitos\u201d, comenta o comandante da GM, Benedito Marcos Moreno.<\/p>\n\n\n\n<figure class=\"wp-block-image\"><img decoding=\"async\" src=\"https:\/\/jundiai.sp.gov.br\/noticias\/wp-content\/uploads\/sites\/32\/2021\/05\/base-movel-guarda-municipal-no-centro_c_-3.jpg\" alt=\"\" class=\"wp-image-268105\" \/><\/figure>\n\n\n\n<p><em>(Texto\/Imagem: Prefeitura de Jundia\u00ed)<\/em><\/p>\n","protected":false},"excerpt":{"rendered":"<p>Os primeiros dias de trabalho j\u00e1 apresentaram resultados positivos<\/p>\n","protected":false},"author":24,"featured_media":75885,"comment_status":"closed","ping_status":"closed","sticky":false,"template":"","format":"standard","meta":{"footnotes":""},"categories":[1],"tags":[],"class_list":["post-75884","post","type-post","status-publish","format-standard","has-post-thumbnail","hentry","category-noticias"],"_links":{"self":[{"href":"https:\/\/tvtecjundiai.com.br\/news\/wp-json\/wp\/v2\/posts\/75884","targetHints":{"allow":["GET"]}}],"collection":[{"href":"https:\/\/tvtecjundiai.com.br\/news\/wp-json\/wp\/v2\/posts"}],"about":[{"href":"https:\/\/tvtecjundiai.com.br\/news\/wp-json\/wp\/v2\/types\/post"}],"author":[{"embeddable":true,"href":"https:\/\/tvtecjundiai.com.br\/news\/wp-json\/wp\/v2\/users\/24"}],"replies":[{"embeddable":true,"href":"https:\/\/tvtecjundiai.com.br\/news\/wp-json\/wp\/v2\/comments?post=75884"}],"version-history":[{"count":1,"href":"https:\/\/tvtecjundiai.com.br\/news\/wp-json\/wp\/v2\/posts\/75884\/revisions"}],"predecessor-version":[{"id":75886,"href":"https:\/\/tvtecjundiai.com.br\/news\/wp-json\/wp\/v2\/posts\/75884\/revisions\/75886"}],"wp:featuredmedia":[{"embeddable":true,"href":"https:\/\/tvtecjundiai.com.br\/news\/wp-json\/wp\/v2\/media\/75885"}],"wp:attachment":[{"href":"https:\/\/tvtecjundiai.com.br\/news\/wp-json\/wp\/v2\/media?parent=75884"}],"wp:term":[{"taxonomy":"category","embeddable":true,"href":"https:\/\/tvtecjundiai.com.br\/news\/wp-json\/wp\/v2\/categories?post=75884"},{"taxonomy":"post_tag","embeddable":true,"href":"https:\/\/tvtecjundiai.com.br\/news\/wp-json\/wp\/v2\/tags?post=75884"}],"curies":[{"name":"wp","href":"https:\/\/api.w.org\/{rel}","templated":true}]}}