{"id":75887,"date":"2021-05-16T11:16:45","date_gmt":"2021-05-16T14:16:45","guid":{"rendered":"https:\/\/tvtecjundiai.com.br\/news\/?p=75887"},"modified":"2021-05-16T13:25:41","modified_gmt":"2021-05-16T16:25:41","slug":"autoridades-de-jundiai-lamentam-a-morte-de-bruno-covas1","status":"publish","type":"post","link":"https:\/\/tvtecjundiai.com.br\/news\/2021\/05\/16\/autoridades-de-jundiai-lamentam-a-morte-de-bruno-covas1\/","title":{"rendered":"Autoridades de Jundia\u00ed lamentam a morte de Bruno Covas"},"content":{"rendered":"\n<p>O prefeito licenciado de S\u00e3o Paulo, Bruno Covas (PSDB), morreu \u00e0s 8h20 deste domingo, 16, aos 41 anos. Desde 2019, ele lutava contra um c\u00e2ncer no sistema digestivo com met\u00e1stase nos ossos e no f\u00edgado. Autoridades de Jundia\u00ed lamentaram a morte de Bruno.<\/p>\n\n\n\n<p>\u201cEu perco um amigo, com quem tive honra de conviver. Oro por ele e envio o meu carinho a todos os familiares. Que Deus conceda o descanso merecido. Far\u00e1 muita falta\u201d, afirmou Luiz Fernando Machado, prefeito de Jundia\u00ed.<\/p>\n\n\n\n<p>O ex-prefeito do munic\u00edpio, Miguel Haddad, tamb\u00e9m manifestou pesar em suas redes sociais. \u201cAdmirado por colegas de partido e tamb\u00e9m por advers\u00e1rios pol\u00edticos, Bruno foi um excelente homem p\u00fablico e ser humano que trabalhava com afinco pelos ideais que acreditava. Sua falta ser\u00e1 sentida por todos n\u00f3s\u201d.<\/p>\n\n\n\n<p>A morte precoce do pol\u00edtico foi comentada ainda, pelo presidente da C\u00e2mara Municipal de Jundia\u00ed, Faouaz Taha. \u201cQue ele descanse em paz. Mesmo nos \u00faltimos dias esteve sempre atento \u00e0s necessidades da popula\u00e7\u00e3o e do trabalho. Meu respeito e admira\u00e7\u00e3o a ele e todo conforto \u00e0 fam\u00edlia\u201d.<\/p>\n\n\n\n<p>Covas estava internado no Hospital S\u00edrio-Liban\u00eas, no Centro da capital paulista, desde 2 de maio, quando se licenciou da prefeitura. Na sexta-feira,14, ele teve uma piora no quadro de sa\u00fade e a equipe m\u00e9dica informou que seu quadro havia se tornado irrevers\u00edvel.<\/p>\n\n\n\n<p>O corpo ser\u00e1 levado para o Edif\u00edcio Matarazzo, sede da Prefeitura, onde, \u00e0s 13h, haver\u00e1 no hall monumental do 3\u00ba andar uma cerim\u00f4nia breve para familiares e amigos pr\u00f3ximos. Depois, seguir\u00e1 em carro aberto em um cortejo at\u00e9 a Pra\u00e7a Oswaldo Cruz. O enterro ser\u00e1 em Santos, em cerim\u00f4nia restrita \u00e0 fam\u00edlia.<\/p>\n\n\n\n<p><\/p>\n\n\n\n<p><em>(Texto: G1&nbsp;Foto: Reprodu\u00e7\u00e3o Instagram)<\/em><\/p>\n","protected":false},"excerpt":{"rendered":"<p>Covas estava internado no Hospital S\u00edrio-Liban\u00eas, no Centro da capital paulista, desde 2 de maio<\/p>\n","protected":false},"author":24,"featured_media":75890,"comment_status":"closed","ping_status":"closed","sticky":false,"template":"","format":"standard","meta":{"footnotes":""},"categories":[1],"tags":[],"class_list":["post-75887","post","type-post","status-publish","format-standard","has-post-thumbnail","hentry","category-noticias"],"_links":{"self":[{"href":"https:\/\/tvtecjundiai.com.br\/news\/wp-json\/wp\/v2\/posts\/75887","targetHints":{"allow":["GET"]}}],"collection":[{"href":"https:\/\/tvtecjundiai.com.br\/news\/wp-json\/wp\/v2\/posts"}],"about":[{"href":"https:\/\/tvtecjundiai.com.br\/news\/wp-json\/wp\/v2\/types\/post"}],"author":[{"embeddable":true,"href":"https:\/\/tvtecjundiai.com.br\/news\/wp-json\/wp\/v2\/users\/24"}],"replies":[{"embeddable":true,"href":"https:\/\/tvtecjundiai.com.br\/news\/wp-json\/wp\/v2\/comments?post=75887"}],"version-history":[{"count":2,"href":"https:\/\/tvtecjundiai.com.br\/news\/wp-json\/wp\/v2\/posts\/75887\/revisions"}],"predecessor-version":[{"id":75891,"href":"https:\/\/tvtecjundiai.com.br\/news\/wp-json\/wp\/v2\/posts\/75887\/revisions\/75891"}],"wp:featuredmedia":[{"embeddable":true,"href":"https:\/\/tvtecjundiai.com.br\/news\/wp-json\/wp\/v2\/media\/75890"}],"wp:attachment":[{"href":"https:\/\/tvtecjundiai.com.br\/news\/wp-json\/wp\/v2\/media?parent=75887"}],"wp:term":[{"taxonomy":"category","embeddable":true,"href":"https:\/\/tvtecjundiai.com.br\/news\/wp-json\/wp\/v2\/categories?post=75887"},{"taxonomy":"post_tag","embeddable":true,"href":"https:\/\/tvtecjundiai.com.br\/news\/wp-json\/wp\/v2\/tags?post=75887"}],"curies":[{"name":"wp","href":"https:\/\/api.w.org\/{rel}","templated":true}]}}