{"id":75899,"date":"2021-05-16T17:20:36","date_gmt":"2021-05-16T20:20:36","guid":{"rendered":"https:\/\/tvtecjundiai.com.br\/news\/?p=75899"},"modified":"2021-05-16T17:24:34","modified_gmt":"2021-05-16T20:24:34","slug":"jundiai-registra-quatro-obitos-por-covid-19-em-jundiai-neste-domingo-16","status":"publish","type":"post","link":"https:\/\/tvtecjundiai.com.br\/news\/2021\/05\/16\/jundiai-registra-quatro-obitos-por-covid-19-em-jundiai-neste-domingo-16\/","title":{"rendered":"Jundia\u00ed registra quatro \u00f3bitos por COVID-19 neste domingo (16)"},"content":{"rendered":"\n<p>A Prefeitura de Jundia\u00ed informa que, neste domingo (16), quatro \u00f3bitos foram contabilizados de residentes na cidade causados pelo Novo Coronav\u00edrus.<\/p>\n\n\n\n<p>Homem, 48 anos, obeso. Internou 10\/05 e faleceu 16\/05 no hospital particular.<\/p>\n\n\n\n<p>Homem, 31 anos, asm\u00e1tico. Internou 19\/04 e faleceu 16\/05 no hospital particular.<\/p>\n\n\n\n<p>Mulher, 57 anos, portadora de pneumopatia cr\u00f4nica. Internou 06\/05 e faleceu 15\/05 no Hospital S\u00e3o Vicente de Paulo (HSV).<\/p>\n\n\n\n<p>Mulher, 77 anos, portadora de doen\u00e7a cardiovascular e nefropatia cr\u00f4nicas. Internou 07\/05 e faleceu 15\/05 no Hospital S\u00e3o Vicente de Paulo (HSV).<\/p>\n\n\n\n<p>At\u00e9 o momento, a cidade registra 1.122 \u00f3bitos causados pela COVID-19 desde o in\u00edcio da pandemia.<\/p>\n\n\n\n<figure class=\"wp-block-gallery columns-2 is-cropped wp-block-gallery-1 is-layout-flex wp-block-gallery-is-layout-flex\"><ul class=\"blocks-gallery-grid\"><li class=\"blocks-gallery-item\"><figure><img loading=\"lazy\" decoding=\"async\" width=\"768\" height=\"768\" src=\"https:\/\/tvtecjundiai.com.br\/news\/wp-content\/uploads\/sites\/2\/2021\/05\/2EC70A67-5D96-417D-967E-47E6F2C5C60B.jpeg\" alt=\"\" data-id=\"75900\" class=\"wp-image-75900\" srcset=\"https:\/\/tvtecjundiai.com.br\/news\/wp-content\/uploads\/sites\/2\/2021\/05\/2EC70A67-5D96-417D-967E-47E6F2C5C60B.jpeg 768w, https:\/\/tvtecjundiai.com.br\/news\/wp-content\/uploads\/sites\/2\/2021\/05\/2EC70A67-5D96-417D-967E-47E6F2C5C60B-300x300.jpeg 300w, https:\/\/tvtecjundiai.com.br\/news\/wp-content\/uploads\/sites\/2\/2021\/05\/2EC70A67-5D96-417D-967E-47E6F2C5C60B-100x100.jpeg 100w\" sizes=\"auto, (max-width: 768px) 100vw, 768px\" \/><\/figure><\/li><li class=\"blocks-gallery-item\"><figure><img loading=\"lazy\" decoding=\"async\" width=\"768\" height=\"768\" src=\"https:\/\/tvtecjundiai.com.br\/news\/wp-content\/uploads\/sites\/2\/2021\/05\/A989920E-248C-4858-AACC-C772ED7CF30D.jpeg\" alt=\"\" data-id=\"75901\" data-full-url=\"https:\/\/tvtecjundiai.com.br\/news\/wp-content\/uploads\/sites\/2\/2021\/05\/A989920E-248C-4858-AACC-C772ED7CF30D.jpeg\" data-link=\"https:\/\/tvtecjundiai.com.br\/news\/?attachment_id=75901\" class=\"wp-image-75901\" srcset=\"https:\/\/tvtecjundiai.com.br\/news\/wp-content\/uploads\/sites\/2\/2021\/05\/A989920E-248C-4858-AACC-C772ED7CF30D.jpeg 768w, https:\/\/tvtecjundiai.com.br\/news\/wp-content\/uploads\/sites\/2\/2021\/05\/A989920E-248C-4858-AACC-C772ED7CF30D-300x300.jpeg 300w, https:\/\/tvtecjundiai.com.br\/news\/wp-content\/uploads\/sites\/2\/2021\/05\/A989920E-248C-4858-AACC-C772ED7CF30D-100x100.jpeg 100w\" sizes=\"auto, (max-width: 768px) 100vw, 768px\" \/><\/figure><\/li><\/ul><figcaption class=\"blocks-gallery-caption\">(Texto\/Imagem: Prefeitura de Jundia\u00ed)<\/figcaption><\/figure>\n","protected":false},"excerpt":{"rendered":"<p>Munic\u00edpio registra, tamb\u00e9m, 104 novos casos da doen\u00e7a <\/p>\n","protected":false},"author":24,"featured_media":74779,"comment_status":"closed","ping_status":"closed","sticky":false,"template":"","format":"standard","meta":{"footnotes":""},"categories":[1],"tags":[],"class_list":["post-75899","post","type-post","status-publish","format-standard","has-post-thumbnail","hentry","category-noticias"],"_links":{"self":[{"href":"https:\/\/tvtecjundiai.com.br\/news\/wp-json\/wp\/v2\/posts\/75899","targetHints":{"allow":["GET"]}}],"collection":[{"href":"https:\/\/tvtecjundiai.com.br\/news\/wp-json\/wp\/v2\/posts"}],"about":[{"href":"https:\/\/tvtecjundiai.com.br\/news\/wp-json\/wp\/v2\/types\/post"}],"author":[{"embeddable":true,"href":"https:\/\/tvtecjundiai.com.br\/news\/wp-json\/wp\/v2\/users\/24"}],"replies":[{"embeddable":true,"href":"https:\/\/tvtecjundiai.com.br\/news\/wp-json\/wp\/v2\/comments?post=75899"}],"version-history":[{"count":2,"href":"https:\/\/tvtecjundiai.com.br\/news\/wp-json\/wp\/v2\/posts\/75899\/revisions"}],"predecessor-version":[{"id":75904,"href":"https:\/\/tvtecjundiai.com.br\/news\/wp-json\/wp\/v2\/posts\/75899\/revisions\/75904"}],"wp:featuredmedia":[{"embeddable":true,"href":"https:\/\/tvtecjundiai.com.br\/news\/wp-json\/wp\/v2\/media\/74779"}],"wp:attachment":[{"href":"https:\/\/tvtecjundiai.com.br\/news\/wp-json\/wp\/v2\/media?parent=75899"}],"wp:term":[{"taxonomy":"category","embeddable":true,"href":"https:\/\/tvtecjundiai.com.br\/news\/wp-json\/wp\/v2\/categories?post=75899"},{"taxonomy":"post_tag","embeddable":true,"href":"https:\/\/tvtecjundiai.com.br\/news\/wp-json\/wp\/v2\/tags?post=75899"}],"curies":[{"name":"wp","href":"https:\/\/api.w.org\/{rel}","templated":true}]}}