{"id":75922,"date":"2021-05-17T10:10:03","date_gmt":"2021-05-17T13:10:03","guid":{"rendered":"https:\/\/tvtecjundiai.com.br\/news\/?p=75922"},"modified":"2021-05-17T10:10:03","modified_gmt":"2021-05-17T13:10:03","slug":"cristo-redentor-recebe-iluminacao-especial-para-incentivar-a-vacinacao-contra-covid-19","status":"publish","type":"post","link":"https:\/\/tvtecjundiai.com.br\/news\/2021\/05\/17\/cristo-redentor-recebe-iluminacao-especial-para-incentivar-a-vacinacao-contra-covid-19\/","title":{"rendered":"Cristo Redentor recebe ilumina\u00e7\u00e3o especial para incentivar a vacina\u00e7\u00e3o contra COVID-19"},"content":{"rendered":"\n<p>O monumento do Cristo Redentor no Rio de Janeiro recebeu, neste s\u00e1bado (15), ilumina\u00e7\u00e3o especial promovida pelo Movimento Unidos Pela Vacina. A a\u00e7\u00e3o, que aconteceu entre 17h e 20h, trouxe uma mensagem em defesa da vacina contra a COVID-19 projetada em portugu\u00eas e em ingl\u00eas. Devido \u00e0 pandemia, a a\u00e7\u00e3o n\u00e3o teve presen\u00e7a de p\u00fablico e seguiu as normas internacionais de preven\u00e7\u00e3o contra a COVID-19 e as regras da Vigil\u00e2ncia Sanit\u00e1ria.<\/p>\n\n\n\n<p>Uma das idealizadoras do movimento, Ariane Trevisan disse que o grupo trabalha para que todos os brasileiros estejam vacinados at\u00e9 setembro. &#8220;Nossa finalidade \u00e9 ajudar a todos os munic\u00edpios brasileiros, com apoio da iniciativa privada, para que eles possam vacinar a popula\u00e7\u00e3o de forma mais r\u00e1pida e eficiente, porque s\u00f3 a vacina salva\u201d, explicou.<\/p>\n\n\n\n<div class=\"wp-block-image\"><figure class=\"aligncenter size-large\"><img loading=\"lazy\" decoding=\"async\" width=\"799\" height=\"505\" src=\"https:\/\/tvtecjundiai.com.br\/news\/wp-content\/uploads\/sites\/2\/2021\/05\/CRISTO.png\" alt=\"\" class=\"wp-image-75923\" srcset=\"https:\/\/tvtecjundiai.com.br\/news\/wp-content\/uploads\/sites\/2\/2021\/05\/CRISTO.png 799w, https:\/\/tvtecjundiai.com.br\/news\/wp-content\/uploads\/sites\/2\/2021\/05\/CRISTO-300x190.png 300w, https:\/\/tvtecjundiai.com.br\/news\/wp-content\/uploads\/sites\/2\/2021\/05\/CRISTO-768x485.png 768w\" sizes=\"auto, (max-width: 799px) 100vw, 799px\" \/><figcaption>A ilumina\u00e7\u00e3o especial foi promovida pelo Movimento Unidos Pela Vacina<\/figcaption><\/figure><\/div>\n\n\n\n<p>Ariane disse que essa a mensagem que ser\u00e1 projetada na a\u00e7\u00e3o no Cristo Redentor, um cart\u00e3o postal do Brasil, \u00e9 para incentivar a todos para que se vacinem: \u201cinfelizmente ainda tem muita gente resistente \u00e0 vacina\u00e7\u00e3o. A gente s\u00f3 vai conseguir ter uma vida normal depois de imunizar todo mundo. A vacina salva e vai neutralizar e acabar com esse v\u00edrus\u201d.<\/p>\n\n\n\n<p><em>(Fonte: CNN Brasil\/Imagem: Divulga\u00e7\u00e3o)<\/em><\/p>\n","protected":false},"excerpt":{"rendered":"<p>Devido \u00e0 pandemia, a a\u00e7\u00e3o n\u00e3o teve presen\u00e7a de p\u00fablico<\/p>\n","protected":false},"author":25,"featured_media":75923,"comment_status":"closed","ping_status":"closed","sticky":false,"template":"","format":"standard","meta":{"footnotes":""},"categories":[2833,1],"tags":[],"class_list":["post-75922","post","type-post","status-publish","format-standard","has-post-thumbnail","hentry","category-cultura","category-noticias"],"_links":{"self":[{"href":"https:\/\/tvtecjundiai.com.br\/news\/wp-json\/wp\/v2\/posts\/75922","targetHints":{"allow":["GET"]}}],"collection":[{"href":"https:\/\/tvtecjundiai.com.br\/news\/wp-json\/wp\/v2\/posts"}],"about":[{"href":"https:\/\/tvtecjundiai.com.br\/news\/wp-json\/wp\/v2\/types\/post"}],"author":[{"embeddable":true,"href":"https:\/\/tvtecjundiai.com.br\/news\/wp-json\/wp\/v2\/users\/25"}],"replies":[{"embeddable":true,"href":"https:\/\/tvtecjundiai.com.br\/news\/wp-json\/wp\/v2\/comments?post=75922"}],"version-history":[{"count":1,"href":"https:\/\/tvtecjundiai.com.br\/news\/wp-json\/wp\/v2\/posts\/75922\/revisions"}],"predecessor-version":[{"id":75924,"href":"https:\/\/tvtecjundiai.com.br\/news\/wp-json\/wp\/v2\/posts\/75922\/revisions\/75924"}],"wp:featuredmedia":[{"embeddable":true,"href":"https:\/\/tvtecjundiai.com.br\/news\/wp-json\/wp\/v2\/media\/75923"}],"wp:attachment":[{"href":"https:\/\/tvtecjundiai.com.br\/news\/wp-json\/wp\/v2\/media?parent=75922"}],"wp:term":[{"taxonomy":"category","embeddable":true,"href":"https:\/\/tvtecjundiai.com.br\/news\/wp-json\/wp\/v2\/categories?post=75922"},{"taxonomy":"post_tag","embeddable":true,"href":"https:\/\/tvtecjundiai.com.br\/news\/wp-json\/wp\/v2\/tags?post=75922"}],"curies":[{"name":"wp","href":"https:\/\/api.w.org\/{rel}","templated":true}]}}