{"id":75926,"date":"2021-05-17T13:08:06","date_gmt":"2021-05-17T16:08:06","guid":{"rendered":"https:\/\/tvtecjundiai.com.br\/news\/?p=75926"},"modified":"2021-05-17T13:45:39","modified_gmt":"2021-05-17T16:45:39","slug":"vacinacao-contra-a-covid-19-prossegue-para-pessoas-com-comorbidades-2","status":"publish","type":"post","link":"https:\/\/tvtecjundiai.com.br\/news\/2021\/05\/17\/vacinacao-contra-a-covid-19-prossegue-para-pessoas-com-comorbidades-2\/","title":{"rendered":"COVID-19: Vacina\u00e7\u00e3o prossegue para pessoas com comorbidades em Jundia\u00ed"},"content":{"rendered":"\n<p>A semana come\u00e7ou com motivos de comemora\u00e7\u00e3o para Silmara Fontebasso. Aos 50 anos, ela foi vacinada com a primeira dose do imunizante da AstraZeneca\/Oxford contra a COVID-19. A vacina \u00e9 a mesma que a m\u00e3e, Norma Piccolo Fontebasso, de 83 anos, tomou e permitiu que ela passasse pelo v\u00edrus com sintomas leves.&nbsp;<\/p>\n\n\n\n<p>\u201cEu, minha m\u00e3e e irm\u00e3 pegamos COVID-19 em mar\u00e7o. Como minha m\u00e3e j\u00e1 tinha recebido a primeira dose da vacina, ela passou pelo v\u00edrus com sintomas muito leves. Viva a vacina! Esta \u00e9 a frase que sempre falamos em casa. Hoje estou muito feliz por tomar a vacina, inclusive a mesma que minha m\u00e3e recebeu\u201d, comentou Silmara que \u00e9 cardiopata.&nbsp;<\/p>\n\n\n\n<figure class=\"wp-block-image size-large\"><img loading=\"lazy\" decoding=\"async\" width=\"1200\" height=\"800\" src=\"https:\/\/tvtecjundiai.com.br\/news\/wp-content\/uploads\/sites\/2\/2021\/05\/vacinacao_comorbidades_50_dal_santo-234-1200x800.jpg\" alt=\"\" class=\"wp-image-75927\" srcset=\"https:\/\/tvtecjundiai.com.br\/news\/wp-content\/uploads\/sites\/2\/2021\/05\/vacinacao_comorbidades_50_dal_santo-234-1200x800.jpg 1200w, https:\/\/tvtecjundiai.com.br\/news\/wp-content\/uploads\/sites\/2\/2021\/05\/vacinacao_comorbidades_50_dal_santo-234-300x200.jpg 300w, https:\/\/tvtecjundiai.com.br\/news\/wp-content\/uploads\/sites\/2\/2021\/05\/vacinacao_comorbidades_50_dal_santo-234-768x512.jpg 768w, https:\/\/tvtecjundiai.com.br\/news\/wp-content\/uploads\/sites\/2\/2021\/05\/vacinacao_comorbidades_50_dal_santo-234.jpg 1280w\" sizes=\"auto, (max-width: 1200px) 100vw, 1200px\" \/><figcaption>Com sorriso por baixo da m\u00e1scara, Silmara comemorou a primeira dose da AstraZeneca\/Oxford<\/figcaption><\/figure>\n\n\n\n<p>Jos\u00e9 Aparecido Ten\u00f3rio, 60 anos, \u00e9 hipertenso e agendou a vacina\u00e7\u00e3o no CECE Dal Santo. \u201cEstava ansioso para tomar a primeira dose. \u00c9 nossa prote\u00e7\u00e3o e me sinto mais aliviado. Mas vou continuar com todos os cuidados pessoais\u201d, comentou.<\/p>\n\n\n\n<p>A vacina\u00e7\u00e3o para pessoas com comorbidades, com idade 50 anos ou mais, teve in\u00edcio nesta segunda-feira (17) e prossegue durante a semana conforme o agendamento realizado. Ainda restam vagas para agendamento deste grupo, tanto pelo site&nbsp;da Prefeitura de Jundia\u00ed quanto pelo APP Jundia\u00ed.<\/p>\n\n\n\n<p><em>(Texto\/Imagem: Prefeitura de Jundia\u00ed)<\/em><\/p>\n","protected":false},"excerpt":{"rendered":"<p>Pessoas com comorbidades com idade de 50 anos ou mais est\u00e3o recebendo a primeira dose da vacina<\/p>\n","protected":false},"author":28,"featured_media":75930,"comment_status":"closed","ping_status":"closed","sticky":false,"template":"","format":"standard","meta":{"footnotes":""},"categories":[8356,1],"tags":[],"class_list":["post-75926","post","type-post","status-publish","format-standard","has-post-thumbnail","hentry","category-jundiai","category-noticias"],"_links":{"self":[{"href":"https:\/\/tvtecjundiai.com.br\/news\/wp-json\/wp\/v2\/posts\/75926","targetHints":{"allow":["GET"]}}],"collection":[{"href":"https:\/\/tvtecjundiai.com.br\/news\/wp-json\/wp\/v2\/posts"}],"about":[{"href":"https:\/\/tvtecjundiai.com.br\/news\/wp-json\/wp\/v2\/types\/post"}],"author":[{"embeddable":true,"href":"https:\/\/tvtecjundiai.com.br\/news\/wp-json\/wp\/v2\/users\/28"}],"replies":[{"embeddable":true,"href":"https:\/\/tvtecjundiai.com.br\/news\/wp-json\/wp\/v2\/comments?post=75926"}],"version-history":[{"count":2,"href":"https:\/\/tvtecjundiai.com.br\/news\/wp-json\/wp\/v2\/posts\/75926\/revisions"}],"predecessor-version":[{"id":75929,"href":"https:\/\/tvtecjundiai.com.br\/news\/wp-json\/wp\/v2\/posts\/75926\/revisions\/75929"}],"wp:featuredmedia":[{"embeddable":true,"href":"https:\/\/tvtecjundiai.com.br\/news\/wp-json\/wp\/v2\/media\/75930"}],"wp:attachment":[{"href":"https:\/\/tvtecjundiai.com.br\/news\/wp-json\/wp\/v2\/media?parent=75926"}],"wp:term":[{"taxonomy":"category","embeddable":true,"href":"https:\/\/tvtecjundiai.com.br\/news\/wp-json\/wp\/v2\/categories?post=75926"},{"taxonomy":"post_tag","embeddable":true,"href":"https:\/\/tvtecjundiai.com.br\/news\/wp-json\/wp\/v2\/tags?post=75926"}],"curies":[{"name":"wp","href":"https:\/\/api.w.org\/{rel}","templated":true}]}}