{"id":75935,"date":"2021-05-17T14:33:19","date_gmt":"2021-05-17T17:33:19","guid":{"rendered":"https:\/\/tvtecjundiai.com.br\/news\/?p=75935"},"modified":"2021-05-17T14:33:19","modified_gmt":"2021-05-17T17:33:19","slug":"guarda-municipal-de-jundiai-interrompe-festa-clandestina-com-mais-de-200-pessoas","status":"publish","type":"post","link":"https:\/\/tvtecjundiai.com.br\/news\/2021\/05\/17\/guarda-municipal-de-jundiai-interrompe-festa-clandestina-com-mais-de-200-pessoas\/","title":{"rendered":"Guarda Municipal de Jundia\u00ed interrompe festa clandestina com mais de 200 pessoas"},"content":{"rendered":"\n<p>Neste final de semana, mais a\u00e7\u00f5es de combate \u00e0 pandemia do Novo Coronav\u00edrus resultaram na interrup\u00e7\u00e3o de eventos clandestinos com mais de 200 pessoas na regi\u00e3o da avenida Jundia\u00ed. O trabalho foi realizado de maneira integrada entre as Unidades de Gest\u00e3o da Prefeitura de Jundia\u00ed, a de Seguran\u00e7a Municipal (UGSM) e a de Unidade de Governo e Finan\u00e7as (UGGF).\u00a0<\/p>\n\n\n\n<figure class=\"wp-block-image size-large\"><img loading=\"lazy\" decoding=\"async\" width=\"1160\" height=\"868\" src=\"https:\/\/tvtecjundiai.com.br\/news\/wp-content\/uploads\/sites\/2\/2021\/05\/gm-2.jpg\" alt=\"\" class=\"wp-image-75936\" srcset=\"https:\/\/tvtecjundiai.com.br\/news\/wp-content\/uploads\/sites\/2\/2021\/05\/gm-2.jpg 1160w, https:\/\/tvtecjundiai.com.br\/news\/wp-content\/uploads\/sites\/2\/2021\/05\/gm-2-300x224.jpg 300w, https:\/\/tvtecjundiai.com.br\/news\/wp-content\/uploads\/sites\/2\/2021\/05\/gm-2-768x575.jpg 768w\" sizes=\"auto, (max-width: 1160px) 100vw, 1160px\" \/><figcaption>Festa interrompida na madrugada de s\u00e1bado para domingo em espa\u00e7o na avenida Jundia\u00ed<\/figcaption><\/figure>\n\n\n\n<p>No s\u00e1bado (15), a Guarda Municipal de Jundia\u00ed foi at\u00e9 o local denunciado na avenida Jundia\u00ed, com o apoio da equipe da Fiscaliza\u00e7\u00e3o de Com\u00e9rcio e, ap\u00f3s orienta\u00e7\u00e3o do respons\u00e1vel, o evento, que tinha cobran\u00e7a de ingresso e shows, foi encerrado. De acordo com o Plano S\u00e3o Paulo de Retomada Econ\u00f4mica, o Estado permanece em fase de transi\u00e7\u00e3o, com o cen\u00e1rio epidemiol\u00f3gico que n\u00e3o permite a realiza\u00e7\u00e3o de eventos com aglomera\u00e7\u00f5es.<\/p>\n\n\n\n<p>Segundo a gestora de Seguran\u00e7a Municipal, coronel Carla Basson, o planejamento de trabalho para o fim de semana foi feito previamente, para combater aglomera\u00e7\u00f5es e os chamados \u201cpancad\u00f5es\u201d. \u201cAo sermos acionados, j\u00e1 est\u00e1vamos prontos para atuar nesses locais, com a equipe necess\u00e1ria\u201d, explica a gestora.<\/p>\n\n\n\n<p>\u201cNosso trabalho para evitar aglomera\u00e7\u00f5es \u00e9 pautado no di\u00e1logo com as pessoas, sempre explicando a import\u00e2ncia de respeitar as boas pr\u00e1ticas sanit\u00e1rias\u201d, diz o comandante da Guarda Municipal, Benedito Marcos Moreno. \u201cA Guarda mant\u00e9m um trabalho permanente pr\u00f3ximo \u00e0 comunidade.\u201d<\/p>\n\n\n\n<p>Outro caso de aglomera\u00e7\u00e3o, envolvendo aproximadamente 100 pessoas, ocorreu na noite do \u00faltimo domingo (16) na regi\u00e3o do bairro Malota. O grupo estava com seus carros estacionados em regi\u00e3o aberta. Ap\u00f3s ir ao local e dialogar, a Guarda conseguiu dispersar os envolvidos.<\/p>\n\n\n\n<p>\u201c<strong>Pancad\u00f5es<\/strong>\u201c<br>Em opera\u00e7\u00e3o integrada, a Guarda Municipal e a Pol\u00edcia Militar realizaram, na sexta-feira (14) e no s\u00e1bado (15), uma opera\u00e7\u00e3o para coibir \u201cpancad\u00f5es\u201d no bairro Jardim S\u00e3o Camilo. O objetivo \u00e9 promover o sossego das pessoas que moram no bairro. Os \u201cpancad\u00f5es\u201d s\u00e3o festas ao ar livre, com som alto, e que promovem aglomera\u00e7\u00e3o de pessoas.<\/p>\n\n\n\n<p>\u201cNosso trabalho em parceria com a PM tem dado bons frutos, levando mais seguran\u00e7a \u00e0s pessoas, promovendo o sossego e melhorando a conviv\u00eancia no espa\u00e7o p\u00fablico\u201d, declara a gestora Carla Basson.<\/p>\n\n\n\n<p>Em paralelo, ocorreram a\u00e7\u00f5es de patrulhamento nas regi\u00f5es do Eloy Chaves e na Ponte S\u00e3o Jo\u00e3o.<\/p>\n\n\n\n<p><em>(Texto\/Imagem: Prefeitura de Jundia\u00ed)<\/em><\/p>\n","protected":false},"excerpt":{"rendered":"<p>Outro caso de aglomera\u00e7\u00e3o ocorreu na noite do \u00faltimo domingo (16) na regi\u00e3o do bairro Malota<\/p>\n","protected":false},"author":28,"featured_media":75936,"comment_status":"closed","ping_status":"closed","sticky":false,"template":"","format":"standard","meta":{"footnotes":""},"categories":[8356,1],"tags":[],"class_list":["post-75935","post","type-post","status-publish","format-standard","has-post-thumbnail","hentry","category-jundiai","category-noticias"],"_links":{"self":[{"href":"https:\/\/tvtecjundiai.com.br\/news\/wp-json\/wp\/v2\/posts\/75935","targetHints":{"allow":["GET"]}}],"collection":[{"href":"https:\/\/tvtecjundiai.com.br\/news\/wp-json\/wp\/v2\/posts"}],"about":[{"href":"https:\/\/tvtecjundiai.com.br\/news\/wp-json\/wp\/v2\/types\/post"}],"author":[{"embeddable":true,"href":"https:\/\/tvtecjundiai.com.br\/news\/wp-json\/wp\/v2\/users\/28"}],"replies":[{"embeddable":true,"href":"https:\/\/tvtecjundiai.com.br\/news\/wp-json\/wp\/v2\/comments?post=75935"}],"version-history":[{"count":1,"href":"https:\/\/tvtecjundiai.com.br\/news\/wp-json\/wp\/v2\/posts\/75935\/revisions"}],"predecessor-version":[{"id":75937,"href":"https:\/\/tvtecjundiai.com.br\/news\/wp-json\/wp\/v2\/posts\/75935\/revisions\/75937"}],"wp:featuredmedia":[{"embeddable":true,"href":"https:\/\/tvtecjundiai.com.br\/news\/wp-json\/wp\/v2\/media\/75936"}],"wp:attachment":[{"href":"https:\/\/tvtecjundiai.com.br\/news\/wp-json\/wp\/v2\/media?parent=75935"}],"wp:term":[{"taxonomy":"category","embeddable":true,"href":"https:\/\/tvtecjundiai.com.br\/news\/wp-json\/wp\/v2\/categories?post=75935"},{"taxonomy":"post_tag","embeddable":true,"href":"https:\/\/tvtecjundiai.com.br\/news\/wp-json\/wp\/v2\/tags?post=75935"}],"curies":[{"name":"wp","href":"https:\/\/api.w.org\/{rel}","templated":true}]}}