{"id":75938,"date":"2021-05-17T14:44:15","date_gmt":"2021-05-17T17:44:15","guid":{"rendered":"https:\/\/tvtecjundiai.com.br\/news\/?p=75938"},"modified":"2021-05-17T14:44:15","modified_gmt":"2021-05-17T17:44:15","slug":"prontuario-afetivo-do-hospital-sao-vicente-promove-atendimento-personalizado-aos-pacientes","status":"publish","type":"post","link":"https:\/\/tvtecjundiai.com.br\/news\/2021\/05\/17\/prontuario-afetivo-do-hospital-sao-vicente-promove-atendimento-personalizado-aos-pacientes\/","title":{"rendered":"&#8220;Prontu\u00e1rio Afetivo&#8221; do Hospital S\u00e3o Vicente promove atendimento personalizado aos pacientes"},"content":{"rendered":"\n<p>Em mar\u00e7o deste ano, a m\u00e9dica reumatologista Isadora Jochims, do Hospital Universit\u00e1rio de Bras\u00edlia no Distrito Federal, criou o projeto \u201cProntu\u00e1rio Afetivo\u201d, que posteriormente virou refer\u00eancia de atendimento humanizado em todo o pa\u00eds. Neste m\u00eas, foi a vez do Hospital de Caridade S\u00e3o Vicente de Paulo (HSV) aderir \u00e0 iniciativa. Respons\u00e1veis pela implanta\u00e7\u00e3o do programa na institui\u00e7\u00e3o jundiaiense, a psic\u00f3loga Nayara Pancelli e o m\u00e9dico coordenador do projeto, Dr. Djalma Barbosa Junior, iniciaram a atividade na Unidade de Suporte Intermedi\u00e1rio (USI), voltada ao tratamento de pacientes com COVID-19.<\/p>\n\n\n\n<p>O objetivo \u00e9 mediar a comunica\u00e7\u00e3o entre o paciente, a equipe de profissionais e a fam\u00edlia, bem como, diminuir o impacto psicol\u00f3gico causado pelo adoecimento e a hospitaliza\u00e7\u00e3o. \u201cN\u00f3s buscamos humanizar e preservar a individualidade e a subjetividade de cada paciente, al\u00e9m de lembrar a todos das pequenas coisas que fazem os pacientes sorrirem\u201d, explica Nayara.<\/p>\n\n\n\n<p>As informa\u00e7\u00f5es s\u00e3o coletadas por meio de contato telef\u00f4nico com os familiares quando os pacientes s\u00e3o admitidos na unidade. Dentre os dados levantados, est\u00e3o o estilo de m\u00fasica preferido do paciente, time de futebol do cora\u00e7\u00e3o, quem s\u00e3o os filhos e netos, hobbies como artesanato e gastronomia, al\u00e9m de tra\u00e7os da personalidade da pessoa. As descri\u00e7\u00f5es s\u00e3o inseridas em uma arte especial e fixadas no leito do paciente.<\/p>\n\n\n\n<figure class=\"wp-block-image size-large\"><img loading=\"lazy\" decoding=\"async\" width=\"1200\" height=\"719\" src=\"https:\/\/tvtecjundiai.com.br\/news\/wp-content\/uploads\/sites\/2\/2021\/05\/Prontuario-Afetivo-aproxima-equipe-dos-pacientes-1-1200x719.jpeg\" alt=\"\" class=\"wp-image-75940\" srcset=\"https:\/\/tvtecjundiai.com.br\/news\/wp-content\/uploads\/sites\/2\/2021\/05\/Prontuario-Afetivo-aproxima-equipe-dos-pacientes-1-1200x719.jpeg 1200w, https:\/\/tvtecjundiai.com.br\/news\/wp-content\/uploads\/sites\/2\/2021\/05\/Prontuario-Afetivo-aproxima-equipe-dos-pacientes-1-300x180.jpeg 300w, https:\/\/tvtecjundiai.com.br\/news\/wp-content\/uploads\/sites\/2\/2021\/05\/Prontuario-Afetivo-aproxima-equipe-dos-pacientes-1-768x460.jpeg 768w, https:\/\/tvtecjundiai.com.br\/news\/wp-content\/uploads\/sites\/2\/2021\/05\/Prontuario-Afetivo-aproxima-equipe-dos-pacientes-1.jpeg 1280w\" sizes=\"auto, (max-width: 1200px) 100vw, 1200px\" \/><figcaption>Prontu\u00e1rio Afetivo aproxima equipe dos pacientes<\/figcaption><\/figure>\n\n\n\n<p>\u201cO Prontu\u00e1rio Afetivo nada mais \u00e9 do que a uni\u00e3o entre o hist\u00f3rico de vida do paciente e os cuidados que ele necessita no momento. Essa soma de informa\u00e7\u00f5es faz com que os profissionais tenham mais empatia, ajuda a conhecer o ser humano em sua singularidade e fortalece os v\u00ednculos entre paciente e equipe de trabalho\u201d, ressalta a psic\u00f3loga.<\/p>\n\n\n\n<p>A filha do paciente Valdenir Pereira dos Santos, de 64 anos, conta que a a\u00e7\u00e3o diminui tamb\u00e9m um pouco da dist\u00e2ncia entre eles, j\u00e1 que as visitas est\u00e3o suspensas na unidade. \u201cAchei a a\u00e7\u00e3o muito legal porque, devido a pandemia, n\u00e3o conseguimos visita-lo. N\u00f3s recebemos as liga\u00e7\u00f5es dos m\u00e9dicos e tamb\u00e9m realizamos as chamadas de v\u00eddeo, o que \u00e9 bom para n\u00f3s familiares, que muitas vezes estamos desestabilizados com a situa\u00e7\u00e3o e tristes por estarmos longe. Saber que ele est\u00e1 recebendo esse acompanhamento psicol\u00f3gico e que tem ci\u00eancia que n\u00f3s estamos, de alguma forma, junto com ele ao passar esses dados, \u00e9 muito importante\u201d, disse Vanessa dos Santos Ramos.<\/p>\n\n\n\n<p><em>(Texto\/Imagem: Assessoria de Imprensa)<\/em><\/p>\n","protected":false},"excerpt":{"rendered":"<p>Objetivo \u00e9 mediar a comunica\u00e7\u00e3o entre o paciente, a equipe de profissionais e a fam\u00edlia<\/p>\n","protected":false},"author":28,"featured_media":75939,"comment_status":"closed","ping_status":"closed","sticky":false,"template":"","format":"standard","meta":{"footnotes":""},"categories":[8356,1],"tags":[],"class_list":["post-75938","post","type-post","status-publish","format-standard","has-post-thumbnail","hentry","category-jundiai","category-noticias"],"_links":{"self":[{"href":"https:\/\/tvtecjundiai.com.br\/news\/wp-json\/wp\/v2\/posts\/75938","targetHints":{"allow":["GET"]}}],"collection":[{"href":"https:\/\/tvtecjundiai.com.br\/news\/wp-json\/wp\/v2\/posts"}],"about":[{"href":"https:\/\/tvtecjundiai.com.br\/news\/wp-json\/wp\/v2\/types\/post"}],"author":[{"embeddable":true,"href":"https:\/\/tvtecjundiai.com.br\/news\/wp-json\/wp\/v2\/users\/28"}],"replies":[{"embeddable":true,"href":"https:\/\/tvtecjundiai.com.br\/news\/wp-json\/wp\/v2\/comments?post=75938"}],"version-history":[{"count":1,"href":"https:\/\/tvtecjundiai.com.br\/news\/wp-json\/wp\/v2\/posts\/75938\/revisions"}],"predecessor-version":[{"id":75941,"href":"https:\/\/tvtecjundiai.com.br\/news\/wp-json\/wp\/v2\/posts\/75938\/revisions\/75941"}],"wp:featuredmedia":[{"embeddable":true,"href":"https:\/\/tvtecjundiai.com.br\/news\/wp-json\/wp\/v2\/media\/75939"}],"wp:attachment":[{"href":"https:\/\/tvtecjundiai.com.br\/news\/wp-json\/wp\/v2\/media?parent=75938"}],"wp:term":[{"taxonomy":"category","embeddable":true,"href":"https:\/\/tvtecjundiai.com.br\/news\/wp-json\/wp\/v2\/categories?post=75938"},{"taxonomy":"post_tag","embeddable":true,"href":"https:\/\/tvtecjundiai.com.br\/news\/wp-json\/wp\/v2\/tags?post=75938"}],"curies":[{"name":"wp","href":"https:\/\/api.w.org\/{rel}","templated":true}]}}