{"id":75946,"date":"2021-05-17T16:14:51","date_gmt":"2021-05-17T19:14:51","guid":{"rendered":"https:\/\/tvtecjundiai.com.br\/news\/?p=75946"},"modified":"2021-05-17T16:14:51","modified_gmt":"2021-05-17T19:14:51","slug":"fundador-da-refrigeracao-fabricio-onorato-neto-morre-em-jundiai","status":"publish","type":"post","link":"https:\/\/tvtecjundiai.com.br\/news\/2021\/05\/17\/fundador-da-refrigeracao-fabricio-onorato-neto-morre-em-jundiai\/","title":{"rendered":"Fundador da Refrigera\u00e7\u00e3o Fabr\u00edcio, Onorato Neto, morre em Jundia\u00ed"},"content":{"rendered":"\n<p>A Associa\u00e7\u00e3o Comercial Empresarial de Jundia\u00ed (ACE) anunciou, nesta segunda-feira (17), a morte do comerciante Onorato Fabr\u00edcio Neto, fundador da empresa Refrigera\u00e7\u00e3o Fabr\u00edcio. A empresa hoje est\u00e1 sob dire\u00e7\u00e3o executiva do filho de Onorato, Orlando Fabr\u00edcio.<\/p>\n\n\n\n<p>A Refrigera\u00e7\u00e3o Fabr\u00edcio \u00e9 refer\u00eancia na venda de produtos como balan\u00e7as, cortadores de frios e chapas para lanche.<\/p>\n\n\n\n<p>De acordo com a publica\u00e7\u00e3o da ACE, o vel\u00f3rio de Onorato ocorre nesta segunda, no cemit\u00e9rio Parque da Paz. A causa da morte do comerciante n\u00e3o foi divulgada.<\/p>\n\n\n\n<div class=\"wp-block-image\"><figure class=\"aligncenter size-large\"><img loading=\"lazy\" decoding=\"async\" width=\"1200\" height=\"553\" src=\"https:\/\/tvtecjundiai.com.br\/news\/wp-content\/uploads\/sites\/2\/2021\/05\/20190831_104626-1200x553.jpg\" alt=\"\" class=\"wp-image-75949\" srcset=\"https:\/\/tvtecjundiai.com.br\/news\/wp-content\/uploads\/sites\/2\/2021\/05\/20190831_104626-1200x553.jpg 1200w, https:\/\/tvtecjundiai.com.br\/news\/wp-content\/uploads\/sites\/2\/2021\/05\/20190831_104626-300x138.jpg 300w, https:\/\/tvtecjundiai.com.br\/news\/wp-content\/uploads\/sites\/2\/2021\/05\/20190831_104626-768x354.jpg 768w, https:\/\/tvtecjundiai.com.br\/news\/wp-content\/uploads\/sites\/2\/2021\/05\/20190831_104626.jpg 1280w\" sizes=\"auto, (max-width: 1200px) 100vw, 1200px\" \/><figcaption>Onorato em hasteamento da Bandeira Nacional no 12\u00ba Grupo de Artilharia de Campanha em Jundia\u00ed\u00a0<\/figcaption><\/figure><\/div>\n\n\n\n<p><em>(Texto: TVTEC\/Imagem: Reprodu\u00e7\u00e3o\/2\u00aa Divis\u00e3o de Ex\u00e9rcito)<\/em><\/p>\n","protected":false},"excerpt":{"rendered":"<p>Morte foi anunciada pela ACE de Jundia\u00ed nesta segunda-feira (17)<\/p>\n","protected":false},"author":28,"featured_media":75949,"comment_status":"closed","ping_status":"closed","sticky":false,"template":"","format":"standard","meta":{"footnotes":""},"categories":[8356,1],"tags":[],"class_list":["post-75946","post","type-post","status-publish","format-standard","has-post-thumbnail","hentry","category-jundiai","category-noticias"],"_links":{"self":[{"href":"https:\/\/tvtecjundiai.com.br\/news\/wp-json\/wp\/v2\/posts\/75946","targetHints":{"allow":["GET"]}}],"collection":[{"href":"https:\/\/tvtecjundiai.com.br\/news\/wp-json\/wp\/v2\/posts"}],"about":[{"href":"https:\/\/tvtecjundiai.com.br\/news\/wp-json\/wp\/v2\/types\/post"}],"author":[{"embeddable":true,"href":"https:\/\/tvtecjundiai.com.br\/news\/wp-json\/wp\/v2\/users\/28"}],"replies":[{"embeddable":true,"href":"https:\/\/tvtecjundiai.com.br\/news\/wp-json\/wp\/v2\/comments?post=75946"}],"version-history":[{"count":1,"href":"https:\/\/tvtecjundiai.com.br\/news\/wp-json\/wp\/v2\/posts\/75946\/revisions"}],"predecessor-version":[{"id":75950,"href":"https:\/\/tvtecjundiai.com.br\/news\/wp-json\/wp\/v2\/posts\/75946\/revisions\/75950"}],"wp:featuredmedia":[{"embeddable":true,"href":"https:\/\/tvtecjundiai.com.br\/news\/wp-json\/wp\/v2\/media\/75949"}],"wp:attachment":[{"href":"https:\/\/tvtecjundiai.com.br\/news\/wp-json\/wp\/v2\/media?parent=75946"}],"wp:term":[{"taxonomy":"category","embeddable":true,"href":"https:\/\/tvtecjundiai.com.br\/news\/wp-json\/wp\/v2\/categories?post=75946"},{"taxonomy":"post_tag","embeddable":true,"href":"https:\/\/tvtecjundiai.com.br\/news\/wp-json\/wp\/v2\/tags?post=75946"}],"curies":[{"name":"wp","href":"https:\/\/api.w.org\/{rel}","templated":true}]}}