{"id":75954,"date":"2021-05-17T16:35:42","date_gmt":"2021-05-17T19:35:42","guid":{"rendered":"https:\/\/tvtecjundiai.com.br\/news\/?p=75954"},"modified":"2021-05-17T16:35:42","modified_gmt":"2021-05-17T19:35:42","slug":"jundiai-registra-200-novos-casos-de-covid-19-nesta-segunda-feira-17","status":"publish","type":"post","link":"https:\/\/tvtecjundiai.com.br\/news\/2021\/05\/17\/jundiai-registra-200-novos-casos-de-covid-19-nesta-segunda-feira-17\/","title":{"rendered":"Jundia\u00ed registra 200 novos casos de COVID-19 nesta segunda-feira (17)"},"content":{"rendered":"\n<p>A Prefeitura de Jundia\u00ed informa que, nesta segunda-feira (17), quatro \u00f3bitos foram contabilizados de residentes na cidade causados pelo Novo Coronav\u00edrus.<\/p>\n\n\n\n<p>Mulher, 59 anos, portadora de doen\u00e7a cardiovascular cr\u00f4nica. Internou 22\/03 e faleceu 16\/05 no hospital S\u00e3o Vicente.<\/p>\n\n\n\n<p>Homem, 54 anos, sem comorbidades registradas. Internou 01\/05 e faleceu 16\/05 no hospital S\u00e3o Vicente.<\/p>\n\n\n\n<p>Homem, 49 anos, portador de doen\u00e7a cardiovascular cr\u00f4nica e diabetes. Internou 08\/05 e faleceu 16\/05 no hospital S\u00e3o Vicente.<\/p>\n\n\n\n<p>Homem, 54 anos, obeso, portador de doen\u00e7a cardiovascular cr\u00f4nica. Internou 30\/04 e faleceu 17\/05 no hospital S\u00e3o Vicente.<\/p>\n\n\n\n<p>At\u00e9 o momento, a cidade registra 1126 \u00f3bitos causados pela COVID-19 desde o in\u00edcio da pandemia.<\/p>\n\n\n\n<figure class=\"wp-block-image size-large\"><img loading=\"lazy\" decoding=\"async\" width=\"960\" height=\"960\" src=\"https:\/\/tvtecjundiai.com.br\/news\/wp-content\/uploads\/sites\/2\/2021\/05\/slide1-11-960x960.png\" alt=\"\" class=\"wp-image-75955\" srcset=\"https:\/\/tvtecjundiai.com.br\/news\/wp-content\/uploads\/sites\/2\/2021\/05\/slide1-11-960x960.png 960w, https:\/\/tvtecjundiai.com.br\/news\/wp-content\/uploads\/sites\/2\/2021\/05\/slide1-11-300x300.png 300w, https:\/\/tvtecjundiai.com.br\/news\/wp-content\/uploads\/sites\/2\/2021\/05\/slide1-11-100x100.png 100w, https:\/\/tvtecjundiai.com.br\/news\/wp-content\/uploads\/sites\/2\/2021\/05\/slide1-11-768x768.png 768w, https:\/\/tvtecjundiai.com.br\/news\/wp-content\/uploads\/sites\/2\/2021\/05\/slide1-11.png 1280w\" sizes=\"auto, (max-width: 960px) 100vw, 960px\" \/><\/figure>\n\n\n\n<figure class=\"wp-block-image size-large\"><img loading=\"lazy\" decoding=\"async\" width=\"960\" height=\"960\" src=\"https:\/\/tvtecjundiai.com.br\/news\/wp-content\/uploads\/sites\/2\/2021\/05\/slide2-10-960x960.png\" alt=\"\" class=\"wp-image-75956\" srcset=\"https:\/\/tvtecjundiai.com.br\/news\/wp-content\/uploads\/sites\/2\/2021\/05\/slide2-10-960x960.png 960w, https:\/\/tvtecjundiai.com.br\/news\/wp-content\/uploads\/sites\/2\/2021\/05\/slide2-10-300x300.png 300w, https:\/\/tvtecjundiai.com.br\/news\/wp-content\/uploads\/sites\/2\/2021\/05\/slide2-10-100x100.png 100w, https:\/\/tvtecjundiai.com.br\/news\/wp-content\/uploads\/sites\/2\/2021\/05\/slide2-10-768x768.png 768w, https:\/\/tvtecjundiai.com.br\/news\/wp-content\/uploads\/sites\/2\/2021\/05\/slide2-10.png 1280w\" sizes=\"auto, (max-width: 960px) 100vw, 960px\" \/><\/figure>\n\n\n\n<p><em>(Texto\/Imagem: Prefeitura de Jundia\u00ed)<\/em><\/p>\n","protected":false},"excerpt":{"rendered":"<p>Tamb\u00e9m foram registrados quatro \u00f3bitos pela doen\u00e7a <\/p>\n","protected":false},"author":28,"featured_media":67584,"comment_status":"closed","ping_status":"closed","sticky":false,"template":"","format":"standard","meta":{"footnotes":""},"categories":[8356,1],"tags":[],"class_list":["post-75954","post","type-post","status-publish","format-standard","has-post-thumbnail","hentry","category-jundiai","category-noticias"],"_links":{"self":[{"href":"https:\/\/tvtecjundiai.com.br\/news\/wp-json\/wp\/v2\/posts\/75954","targetHints":{"allow":["GET"]}}],"collection":[{"href":"https:\/\/tvtecjundiai.com.br\/news\/wp-json\/wp\/v2\/posts"}],"about":[{"href":"https:\/\/tvtecjundiai.com.br\/news\/wp-json\/wp\/v2\/types\/post"}],"author":[{"embeddable":true,"href":"https:\/\/tvtecjundiai.com.br\/news\/wp-json\/wp\/v2\/users\/28"}],"replies":[{"embeddable":true,"href":"https:\/\/tvtecjundiai.com.br\/news\/wp-json\/wp\/v2\/comments?post=75954"}],"version-history":[{"count":1,"href":"https:\/\/tvtecjundiai.com.br\/news\/wp-json\/wp\/v2\/posts\/75954\/revisions"}],"predecessor-version":[{"id":75957,"href":"https:\/\/tvtecjundiai.com.br\/news\/wp-json\/wp\/v2\/posts\/75954\/revisions\/75957"}],"wp:featuredmedia":[{"embeddable":true,"href":"https:\/\/tvtecjundiai.com.br\/news\/wp-json\/wp\/v2\/media\/67584"}],"wp:attachment":[{"href":"https:\/\/tvtecjundiai.com.br\/news\/wp-json\/wp\/v2\/media?parent=75954"}],"wp:term":[{"taxonomy":"category","embeddable":true,"href":"https:\/\/tvtecjundiai.com.br\/news\/wp-json\/wp\/v2\/categories?post=75954"},{"taxonomy":"post_tag","embeddable":true,"href":"https:\/\/tvtecjundiai.com.br\/news\/wp-json\/wp\/v2\/tags?post=75954"}],"curies":[{"name":"wp","href":"https:\/\/api.w.org\/{rel}","templated":true}]}}