{"id":75958,"date":"2021-05-17T16:46:59","date_gmt":"2021-05-17T19:46:59","guid":{"rendered":"https:\/\/tvtecjundiai.com.br\/news\/?p=75958"},"modified":"2021-05-17T16:46:59","modified_gmt":"2021-05-17T19:46:59","slug":"jundiai-e-selecionada-para-integrar-rede-ruas-completas-sp-com-foco-no-transito-seguro","status":"publish","type":"post","link":"https:\/\/tvtecjundiai.com.br\/news\/2021\/05\/17\/jundiai-e-selecionada-para-integrar-rede-ruas-completas-sp-com-foco-no-transito-seguro\/","title":{"rendered":"Jundia\u00ed \u00e9 selecionada para integrar rede Ruas Completas SP, com foco no tr\u00e2nsito seguro"},"content":{"rendered":"\n<p>Ruas desenhadas para oferecer seguran\u00e7a e conforto a todos os usu\u00e1rios, com o conceito de distribuir o espa\u00e7o de maneira democr\u00e1tica e equilibrada, beneficiando a todos. Essa \u00e9 a concep\u00e7\u00e3o de Ruas Completas SP, rede que Jundia\u00ed passa a integrar, com o foco no tr\u00e2nsito seguro.&nbsp;Com a ades\u00e3o \u00e0 rede, Jundia\u00ed contar\u00e1 com apoio espec\u00edfico e capacita\u00e7\u00f5es oferecidas pelas organiza\u00e7\u00f5es que lideram a rede \u2013 WRI Brasil (World Resources Institute), Vital Strategies, Frente Nacional de Prefeitos (FNP), Instituto Cordial e Respeito \u00e0 Vida (Detran-SP).<\/p>\n\n\n\n<p>A rede \u00e9 parte da Iniciativa Bloomberg para Seguran\u00e7a Global no Tr\u00e2nsito, que de 2021 a 2025 apoiar\u00e1 a\u00e7\u00f5es para a seguran\u00e7a vi\u00e1ria no estado de S\u00e3o Paulo. Realizado em reuni\u00e3o do F\u00f3rum Paulista de Secret\u00e1rios e Dirigentes P\u00fablicos de Mobilidade Urbana, o an\u00fancio ocorre em pleno Maio Amarelo, m\u00eas que chama aten\u00e7\u00e3o para a urg\u00eancia de a\u00e7\u00f5es pela seguran\u00e7a no tr\u00e2nsito em todo o mundo.<\/p>\n\n\n\n<p>\u201cA ades\u00e3o de Jundia\u00ed \u00e0 Rede Ruas Completas SP \u00e9 mais um passo em dire\u00e7\u00e3o ao compromisso com o tr\u00e2nsito seguro, em conson\u00e2ncia com a Cidade das Crian\u00e7as, para estimularmos que as fam\u00edlias levem os alunos a p\u00e9 at\u00e9 a escola. Trabalhamos para ampliar a acessibilidade nos espa\u00e7os p\u00fablicos, nesta semana, apresentamos o portal com o mapeamento de Pessoas com Defici\u00eancia em Jundia\u00ed. Essas a\u00e7\u00f5es, em conjunto, propiciam que Jundia\u00ed seja uma boa cidade para todos\u201d, declara o prefeito Luiz Fernando Machado.\u00a0<\/p>\n\n\n\n<figure class=\"wp-block-image size-large\"><img loading=\"lazy\" decoding=\"async\" width=\"1200\" height=\"800\" src=\"https:\/\/tvtecjundiai.com.br\/news\/wp-content\/uploads\/sites\/2\/2021\/05\/emeb_wilma_nalim_maio_amarelo_transito-369-1200x800.jpg\" alt=\"\" class=\"wp-image-75959\" srcset=\"https:\/\/tvtecjundiai.com.br\/news\/wp-content\/uploads\/sites\/2\/2021\/05\/emeb_wilma_nalim_maio_amarelo_transito-369-1200x800.jpg 1200w, https:\/\/tvtecjundiai.com.br\/news\/wp-content\/uploads\/sites\/2\/2021\/05\/emeb_wilma_nalim_maio_amarelo_transito-369-300x200.jpg 300w, https:\/\/tvtecjundiai.com.br\/news\/wp-content\/uploads\/sites\/2\/2021\/05\/emeb_wilma_nalim_maio_amarelo_transito-369-768x512.jpg 768w, https:\/\/tvtecjundiai.com.br\/news\/wp-content\/uploads\/sites\/2\/2021\/05\/emeb_wilma_nalim_maio_amarelo_transito-369.jpg 1280w\" sizes=\"auto, (max-width: 1200px) 100vw, 1200px\" \/><figcaption>Jundia\u00ed conta com projetos direcionados para a seguran\u00e7a das crian\u00e7as<\/figcaption><\/figure>\n\n\n\n<p>O conceito de ruas completas foi criado para mostrar a import\u00e2ncia de se projetar as ruas com foco na seguran\u00e7a e no conforto de todas as pessoas, priorizando usu\u00e1rios de modos ativos como caminhada e bicicleta.\u00a0<\/p>\n\n\n\n<figure class=\"wp-block-image size-large\"><img loading=\"lazy\" decoding=\"async\" width=\"1200\" height=\"585\" src=\"https:\/\/tvtecjundiai.com.br\/news\/wp-content\/uploads\/sites\/2\/2021\/05\/ruas-completas-04-2-1200x585.png\" alt=\"\" class=\"wp-image-75960\" srcset=\"https:\/\/tvtecjundiai.com.br\/news\/wp-content\/uploads\/sites\/2\/2021\/05\/ruas-completas-04-2-1200x585.png 1200w, https:\/\/tvtecjundiai.com.br\/news\/wp-content\/uploads\/sites\/2\/2021\/05\/ruas-completas-04-2-300x146.png 300w, https:\/\/tvtecjundiai.com.br\/news\/wp-content\/uploads\/sites\/2\/2021\/05\/ruas-completas-04-2-768x374.png 768w, https:\/\/tvtecjundiai.com.br\/news\/wp-content\/uploads\/sites\/2\/2021\/05\/ruas-completas-04-2.png 1280w\" sizes=\"auto, (max-width: 1200px) 100vw, 1200px\" \/><figcaption>Jundia\u00ed \u00e9 uma das 20 cidades selecionadas para integrar a rede<\/figcaption><\/figure>\n\n\n\n<p>\u201cNos \u00faltimos anos, os pa\u00edses perceberam que as cidades foram constru\u00eddas com foco no autom\u00f3vel. Atualmente, trabalha-se para o resgate do espa\u00e7o p\u00fablico para o cidad\u00e3o. Na rua pode acontecer o lazer, a brincadeira,&nbsp; al\u00e9m da mobilidade. O foco est\u00e1 no desenvolvimento de projetos que incentivem as pessoas a fazer trajetos a p\u00e9 ou de bicicleta\u201d, comenta o gestor de Planejamento Urbano e Meio Ambiente, Sin\u00e9sio Scarabello Filho, representando a Plataforma de Gest\u00e3o de Desenvolvimento Sustent\u00e1vel que tomou a iniciativa de inscrever o munic\u00edpio no processo seletivo.<\/p>\n\n\n\n<p>\u201cJundia\u00ed \u00e9 uma cidade diferenciada, na qual os servi\u00e7os p\u00fablicos trabalham diariamente para melhorar nossos espa\u00e7os de conviv\u00eancia e deslocamento\u201d, explica o gestor de Infraestrutura e Servi\u00e7os P\u00fablicos, Adilson Rosa. \u201cPara tanto, nossas obras e investimentos est\u00e3o alinhados com o bom planejamento, com impactos positivos em todos os bairros.\u201d<\/p>\n\n\n\n<p>A sele\u00e7\u00e3o das cidades que integram a Rede se baseou em crit\u00e9rios como o compromisso com redu\u00e7\u00e3o de mortes e les\u00f5es no tr\u00e2nsito e com a redu\u00e7\u00e3o das velocidades m\u00e1ximas em vias urbanas, de acordo com as recomenda\u00e7\u00f5es da Organiza\u00e7\u00e3o Mundial de Sa\u00fade. Tamb\u00e9m foram consideradas a prioriza\u00e7\u00e3o dos modos ativos e coletivos e a disponibilidade de dados para o diagn\u00f3stico, entre outros fatores.<\/p>\n\n\n\n<p>\u201cEm Jundia\u00ed, nossos investimentos \u2013 com campanhas de conscientiza\u00e7\u00e3o e mais fiscaliza\u00e7\u00e3o \u2013 est\u00e3o focados justamente nisso: diminuir as mortes no tr\u00e2nsito\u201d, observa o gestor de Mobilidade e Transporte, Aloysio Queiroz. \u201cNos \u00faltimos anos, o n\u00famero de acidentes tem diminu\u00eddo na nossa cidade, mas ainda \u00e9 poss\u00edvel conquistar n\u00fameros melhores.\u201d<\/p>\n\n\n\n<p><strong>A Rede<\/strong><\/p>\n\n\n\n<p>Ruas Completas SP \u00e9 uma rede de cidades paulistas comprometidas com a\u00e7\u00f5es para reduzir mortes e les\u00f5es no tr\u00e2nsito. Pela iniciativa, os munic\u00edpios participantes ter\u00e3o, pelos pr\u00f3ximos cinco anos, apoio t\u00e9cnico a projetos, a\u00e7\u00f5es e estrat\u00e9gias de seguran\u00e7a vi\u00e1ria de 20 cidades no estado de S\u00e3o Paulo.<\/p>\n\n\n\n<p>Jundia\u00ed integra a rede ao lado de outros centros urbanos m\u00e9dios e grandes. S\u00e3o eles: Araraquara, Bauru, Bebedouro, Campinas, Campos do Jord\u00e3o, Cap\u00e3o Bonito, Catanduva, Diadema, Francisco Morato, Guarulhos, Jacare\u00ed, Limeira, Piracicaba, Registro, Ribeir\u00e3o Pires, Ribeir\u00e3o Preto, Santo Andr\u00e9, S\u00e3o Jos\u00e9 do Rio Preto e S\u00e3o Jos\u00e9 dos Campos.<\/p>\n\n\n\n<p>\u201cS\u00e3o cidades com diferentes perfis, mas com desafios em comum. Ao trabalharem em rede por um mesmo objetivo, podem compartilhar processos e aprendizados e avan\u00e7arem juntas, gerando resultados positivos e influenciando outras cidades no estado de S\u00e3o Paulo e no restante do pa\u00eds\u201d, explica Diogo Lemos, analista s\u00eanior de mobilidade ativa do WRI Brasil, organiza\u00e7\u00e3o respons\u00e1vel pela forma\u00e7\u00e3o e coordena\u00e7\u00e3o da rede.<\/p>\n\n\n\n<figure class=\"wp-block-image size-large\"><img loading=\"lazy\" decoding=\"async\" width=\"1200\" height=\"863\" src=\"https:\/\/tvtecjundiai.com.br\/news\/wp-content\/uploads\/sites\/2\/2021\/05\/aerea-1200x863.jpg\" alt=\"\" class=\"wp-image-75961\" srcset=\"https:\/\/tvtecjundiai.com.br\/news\/wp-content\/uploads\/sites\/2\/2021\/05\/aerea-1200x863.jpg 1200w, https:\/\/tvtecjundiai.com.br\/news\/wp-content\/uploads\/sites\/2\/2021\/05\/aerea-300x216.jpg 300w, https:\/\/tvtecjundiai.com.br\/news\/wp-content\/uploads\/sites\/2\/2021\/05\/aerea-768x552.jpg 768w, https:\/\/tvtecjundiai.com.br\/news\/wp-content\/uploads\/sites\/2\/2021\/05\/aerea.jpg 1240w\" sizes=\"auto, (max-width: 1200px) 100vw, 1200px\" \/><figcaption>A rede Ruas Completas \u00e9 parte da Iniciativa Bloomberg para Seguran\u00e7a Global no Tr\u00e2nsito<\/figcaption><\/figure>\n\n\n\n<p><em>(Texto\/Imagem: Prefeitura de Jundia\u00ed)<\/em><\/p>\n","protected":false},"excerpt":{"rendered":"<p>A rede Ruas Completas \u00e9 parte da Iniciativa Bloomberg para Seguran\u00e7a Global no Tr\u00e2nsito<\/p>\n","protected":false},"author":28,"featured_media":75959,"comment_status":"closed","ping_status":"closed","sticky":false,"template":"","format":"standard","meta":{"footnotes":""},"categories":[8356,1],"tags":[],"class_list":["post-75958","post","type-post","status-publish","format-standard","has-post-thumbnail","hentry","category-jundiai","category-noticias"],"_links":{"self":[{"href":"https:\/\/tvtecjundiai.com.br\/news\/wp-json\/wp\/v2\/posts\/75958","targetHints":{"allow":["GET"]}}],"collection":[{"href":"https:\/\/tvtecjundiai.com.br\/news\/wp-json\/wp\/v2\/posts"}],"about":[{"href":"https:\/\/tvtecjundiai.com.br\/news\/wp-json\/wp\/v2\/types\/post"}],"author":[{"embeddable":true,"href":"https:\/\/tvtecjundiai.com.br\/news\/wp-json\/wp\/v2\/users\/28"}],"replies":[{"embeddable":true,"href":"https:\/\/tvtecjundiai.com.br\/news\/wp-json\/wp\/v2\/comments?post=75958"}],"version-history":[{"count":1,"href":"https:\/\/tvtecjundiai.com.br\/news\/wp-json\/wp\/v2\/posts\/75958\/revisions"}],"predecessor-version":[{"id":75962,"href":"https:\/\/tvtecjundiai.com.br\/news\/wp-json\/wp\/v2\/posts\/75958\/revisions\/75962"}],"wp:featuredmedia":[{"embeddable":true,"href":"https:\/\/tvtecjundiai.com.br\/news\/wp-json\/wp\/v2\/media\/75959"}],"wp:attachment":[{"href":"https:\/\/tvtecjundiai.com.br\/news\/wp-json\/wp\/v2\/media?parent=75958"}],"wp:term":[{"taxonomy":"category","embeddable":true,"href":"https:\/\/tvtecjundiai.com.br\/news\/wp-json\/wp\/v2\/categories?post=75958"},{"taxonomy":"post_tag","embeddable":true,"href":"https:\/\/tvtecjundiai.com.br\/news\/wp-json\/wp\/v2\/tags?post=75958"}],"curies":[{"name":"wp","href":"https:\/\/api.w.org\/{rel}","templated":true}]}}