{"id":75972,"date":"2021-05-18T09:11:10","date_gmt":"2021-05-18T12:11:10","guid":{"rendered":"https:\/\/tvtecjundiai.com.br\/news\/?p=75972"},"modified":"2021-05-18T16:14:00","modified_gmt":"2021-05-18T19:14:00","slug":"jundiai-abrira-novos-agendamentos-para-vacinacao-contra-influenza-e-covid-19","status":"publish","type":"post","link":"https:\/\/tvtecjundiai.com.br\/news\/2021\/05\/18\/jundiai-abrira-novos-agendamentos-para-vacinacao-contra-influenza-e-covid-19\/","title":{"rendered":"Jundia\u00ed abrir\u00e1 novos agendamentos para vacina\u00e7\u00e3o contra Influenza e COVID-19"},"content":{"rendered":"\n<p>Dando prosseguimento aos agendamentos para as doses de vacinas contra Influenza (Gripe) e COVID-19 para os p\u00fablicos determinados pelo Plano Nacional de Imuniza\u00e7\u00e3o (PNI), a Prefeitura de Jundia\u00ed divulga calend\u00e1rio da semana. Confira as informa\u00e7\u00f5es e documentos necess\u00e1rios para cada grupo.<\/p>\n\n\n\n<p><strong>Influenza (Gripe): para Idosos 60+<\/strong><br>Agendamento pelos canais digitais (Site e APP Jundia\u00ed) \u2013 ter\u00e7a-feira (18), \u00e0s 16h<br>Aplica\u00e7\u00e3o: em postos fixos<br>* Quem tomou vacina contra COVID-19 entre 26 de fevereiro a 6 de mar\u00e7o (AstraZeneca) ou de 24 a 27 de abril (Coronavac) n\u00e3o deve agendar a vacina de Influenza.<br>Levar: documento com foto e comprovante de resid\u00eancia<\/p>\n\n\n\n<p><strong>Influenza&nbsp;(Gripe): Crian\u00e7as entre 6 meses e menores de 6 anos<\/strong><br>Demanda Livre nas UBS (exceto Nova UBS Jardim do Lago, antiga UBS Jardim do Lago, UBS Marlene\/Hortol\u00e2ndia, Cl\u00ednica da Fam\u00edlia Novo Horizonte)<br>Aplica\u00e7\u00e3o: de segunda a sexta-feira, em hor\u00e1rio de funcionamento do equipamento.<br>Levar: documento com foto e comprovante de resid\u00eancia<\/p>\n\n\n\n<p><strong>Influenza&nbsp;(Gripe): Gestantes e Pu\u00e9rperas (at\u00e9 45 dias ap\u00f3s o parto)<br><\/strong>Demanda Livre nas UBS (exceto Nova UBS Jardim do Lago, antiga UBS Jardim do Lago, UBS Marlene\/Hortol\u00e2ndia, Cl\u00ednica da Fam\u00edlia Novo Horizonte)<br>Aplica\u00e7\u00e3o: de segunda a sexta-feira, em hor\u00e1rio de funcionamento do equipamento.<br>* Gestantes e pu\u00e9rperas com comorbidades devem priorizar a vacina contra COVID-19.<br>Levar: documento com foto, comprovante de resid\u00eancia, comprova\u00e7\u00e3o do estado gestacional (gestantes) ou certid\u00e3o de nascimento da crian\u00e7a (pu\u00e9rperas)<\/p>\n\n\n\n<p><strong>Influenza&nbsp;(Gripe): Professores<\/strong><br>Demanda Livre nas UBS (exceto Nova UBS Jardim do Lago, antiga UBS Jardim do Lago, UBS Marlene\/Hortol\u00e2ndia, Cl\u00ednica da Fam\u00edlia Novo Horizonte)<br>Aplica\u00e7\u00e3o: de segunda a sexta-feira, em hor\u00e1rio de funcionamento do equipamento.<br>Levar: comprovante de profiss\u00e3o, documento com foto, CPF e comprovante de resid\u00eancia.<\/p>\n\n\n\n<div class=\"wp-block-image\"><figure class=\"aligncenter size-large\"><img loading=\"lazy\" decoding=\"async\" width=\"1200\" height=\"801\" src=\"https:\/\/tvtecjundiai.com.br\/news\/wp-content\/uploads\/sites\/2\/2021\/05\/vacina-influenza-1200x801.jpeg\" alt=\"\" class=\"wp-image-75973\" srcset=\"https:\/\/tvtecjundiai.com.br\/news\/wp-content\/uploads\/sites\/2\/2021\/05\/vacina-influenza-1200x801.jpeg 1200w, https:\/\/tvtecjundiai.com.br\/news\/wp-content\/uploads\/sites\/2\/2021\/05\/vacina-influenza-300x200.jpeg 300w, https:\/\/tvtecjundiai.com.br\/news\/wp-content\/uploads\/sites\/2\/2021\/05\/vacina-influenza-768x512.jpeg 768w, https:\/\/tvtecjundiai.com.br\/news\/wp-content\/uploads\/sites\/2\/2021\/05\/vacina-influenza.jpeg 1280w\" sizes=\"auto, (max-width: 1200px) 100vw, 1200px\" \/><figcaption>Vacina\u00e7\u00e3o contra gripe ter\u00e1 atendimento agendado e demanda livre<\/figcaption><\/figure><\/div>\n\n\n\n<p><strong>COVID-19<br>Segunda dose (D2) 80+ (Astrazeneca)<\/strong><br>Agendamento pelos canais digitais (Site e APP Jundia\u00ed) \u2013 quarta-feira (19), \u00e0s 11h<br>Aplica\u00e7\u00e3o: em postos fixos e drive-thru<br>Levar: comprovante de aplica\u00e7\u00e3o da primeira dose, CPF, documento com foto e comprovante de resid\u00eancia.<\/p>\n\n\n\n<p><strong>Primeira dose (D1) Gestante e Pu\u00e9rperas (at\u00e9 45 dias ap\u00f3s o parto) \u2013 ambas com comorbidade, a partir de 18 anos<br><\/strong>Agendamento pelos canais digitais (Site e APP Jundia\u00ed) \u2013 quarta-feira (19), \u00e0s 16h<br>Aplica\u00e7\u00e3o: em postos fixos<br>Levar: receita m\u00e9dica ou relat\u00f3rio m\u00e9dico com CRM leg\u00edvel (constar doen\u00e7a ou CID correspondente); comprova\u00e7\u00e3o do estado gestacional (gestantes) ou certid\u00e3o de nascimento da crian\u00e7a (pu\u00e9rperas); CPF, comprovante de endere\u00e7o e documento com foto.<\/p>\n\n\n\n<p><strong>Segunda Dose (D2) Idosos 64+ (Coronavac)<br><\/strong>Agendamento pelos canais digitais (Site e APP Jundia\u00ed) \u2013 quinta-feira (20), \u00e0s 16h<br>Aplica\u00e7\u00e3o: em postos fixos e drive-thru<br>Levar: comprovante de aplica\u00e7\u00e3o da primeira dose, CPF, documento com foto e comprovante de resid\u00eancia.<br><br><strong>Primeira Dose (D1) Motoristas e cobradores que trabalham em S\u00e3o Paulo e residem em Jundia\u00ed com QR Code<br><\/strong>Aplica\u00e7\u00e3o: 18 a 21 de Maio \u2013 UBS Anhangaba\u00fa, 8h \u00e0s 16h30<br>Levar: impresso QR Code, documento com foto e CPF.<br>* Vacina\u00e7\u00e3o exclusiva para profissionais das categorias funcion\u00e1rios empresas da Capital (sistema p\u00fablico) e que tenham feito o cadastro a partir da empresa empregadora.<\/p>\n\n\n\n<p><em>(Fonte\/Imagem: Prefeitura de Jundia\u00ed)<\/em><\/p>\n","protected":false},"excerpt":{"rendered":"<p>Confira as informa\u00e7\u00f5es e documentos necess\u00e1rios para cada grupo<\/p>\n","protected":false},"author":25,"featured_media":75973,"comment_status":"closed","ping_status":"closed","sticky":false,"template":"","format":"standard","meta":{"footnotes":""},"categories":[1,2839],"tags":[],"class_list":["post-75972","post","type-post","status-publish","format-standard","has-post-thumbnail","hentry","category-noticias","category-saude"],"_links":{"self":[{"href":"https:\/\/tvtecjundiai.com.br\/news\/wp-json\/wp\/v2\/posts\/75972","targetHints":{"allow":["GET"]}}],"collection":[{"href":"https:\/\/tvtecjundiai.com.br\/news\/wp-json\/wp\/v2\/posts"}],"about":[{"href":"https:\/\/tvtecjundiai.com.br\/news\/wp-json\/wp\/v2\/types\/post"}],"author":[{"embeddable":true,"href":"https:\/\/tvtecjundiai.com.br\/news\/wp-json\/wp\/v2\/users\/25"}],"replies":[{"embeddable":true,"href":"https:\/\/tvtecjundiai.com.br\/news\/wp-json\/wp\/v2\/comments?post=75972"}],"version-history":[{"count":4,"href":"https:\/\/tvtecjundiai.com.br\/news\/wp-json\/wp\/v2\/posts\/75972\/revisions"}],"predecessor-version":[{"id":76018,"href":"https:\/\/tvtecjundiai.com.br\/news\/wp-json\/wp\/v2\/posts\/75972\/revisions\/76018"}],"wp:featuredmedia":[{"embeddable":true,"href":"https:\/\/tvtecjundiai.com.br\/news\/wp-json\/wp\/v2\/media\/75973"}],"wp:attachment":[{"href":"https:\/\/tvtecjundiai.com.br\/news\/wp-json\/wp\/v2\/media?parent=75972"}],"wp:term":[{"taxonomy":"category","embeddable":true,"href":"https:\/\/tvtecjundiai.com.br\/news\/wp-json\/wp\/v2\/categories?post=75972"},{"taxonomy":"post_tag","embeddable":true,"href":"https:\/\/tvtecjundiai.com.br\/news\/wp-json\/wp\/v2\/tags?post=75972"}],"curies":[{"name":"wp","href":"https:\/\/api.w.org\/{rel}","templated":true}]}}