{"id":75977,"date":"2021-05-18T09:36:32","date_gmt":"2021-05-18T12:36:32","guid":{"rendered":"https:\/\/tvtecjundiai.com.br\/news\/?p=75977"},"modified":"2021-05-18T10:52:01","modified_gmt":"2021-05-18T13:52:01","slug":"jundiai-e-a-primeira-cidade-do-estado-a-implantar-o-sistema-proconsumidor","status":"publish","type":"post","link":"https:\/\/tvtecjundiai.com.br\/news\/2021\/05\/18\/jundiai-e-a-primeira-cidade-do-estado-a-implantar-o-sistema-proconsumidor\/","title":{"rendered":"Jundia\u00ed \u00e9 a primeira cidade do Estado a implantar o Sistema ProConsumidor"},"content":{"rendered":"\n<p>Jundia\u00ed, atrav\u00e9s de sua unidade do Procon, \u00e9 a primeira cidade do Estado de S\u00e3o Paulo a receber a implanta\u00e7\u00e3o, em fase de teste, do Sistema ProConsumidor, servi\u00e7o de registro de reclama\u00e7\u00f5es que vai substituir o Sistema Nacional de Informa\u00e7\u00f5es de Defesa do Consumidor (Sindec).<\/p>\n\n\n\n<p>\u201cJundia\u00ed mais uma vez sai na frente\u201d, declara a chefe do Procon de Jundia\u00ed, Gabriela Glinternik. \u201cTrata-se de um sistema integrado nacionalmente e, com ele, poderemos sistematizar e integrar as a\u00e7\u00f5es, harmonizar conceitos e fornecer informa\u00e7\u00f5es para defini\u00e7\u00e3o de pol\u00edticas p\u00fablicas.\u201d<\/p>\n\n\n\n<div class=\"wp-block-image\"><figure class=\"aligncenter size-large\"><img loading=\"lazy\" decoding=\"async\" width=\"1197\" height=\"798\" src=\"https:\/\/tvtecjundiai.com.br\/news\/wp-content\/uploads\/sites\/2\/2021\/05\/procon-12-1.jpg\" alt=\"\" class=\"wp-image-75978\" srcset=\"https:\/\/tvtecjundiai.com.br\/news\/wp-content\/uploads\/sites\/2\/2021\/05\/procon-12-1.jpg 1197w, https:\/\/tvtecjundiai.com.br\/news\/wp-content\/uploads\/sites\/2\/2021\/05\/procon-12-1-300x200.jpg 300w, https:\/\/tvtecjundiai.com.br\/news\/wp-content\/uploads\/sites\/2\/2021\/05\/procon-12-1-768x512.jpg 768w\" sizes=\"auto, (max-width: 1197px) 100vw, 1197px\" \/><figcaption>Um dos maiores benef\u00edcios dessa nova estrutura \u00e9 a centraliza\u00e7\u00e3o do cadastro do fornecedor, que ser\u00e1 atualizado e mantido pela Senacon<\/figcaption><\/figure><\/div>\n\n\n\n<p>At\u00e9 a pr\u00f3xima sexta-feira (21), funcion\u00e1rios do Procon Jundia\u00ed participam de um curso em formato digital para aprenderem a operar o ProConsumidor. Com o novo sistema \u00e9 poss\u00edvel registrar consulta, den\u00fancia e reclama\u00e7\u00e3o. As tratativas poder\u00e3o ser feitas por telefone, carta ou audi\u00eancia. Haver\u00e1 prazo para o Procon finalizar procedimentos dentro do sistema e todas as reclama\u00e7\u00f5es podem compor o Cadastro de Reclama\u00e7\u00f5es Fundamentadas (CRF), desde que haja pelo menos uma tratativa de carta ou audi\u00eancia com resultado. Hoje, o Sindec re\u00fane dados, atualizados semanalmente, dos 615 Procons existentes em todos os Estados e no Distrito Federal.<\/p>\n\n\n\n<p>A Secretaria Nacional do Consumidor (Senacon) assume a infraestrutura do sistema, a seguran\u00e7a e a prote\u00e7\u00e3o dos dados. Um dos maiores benef\u00edcios dessa nova estrutura \u00e9 a centraliza\u00e7\u00e3o do cadastro do fornecedor, que ser\u00e1 atualizado e mantido pela Senacon. Por meio de uma \u00fanica senha, as empresas visualizam e respondem \u00e0s demandas de todo o Brasil. A Senacon disponibiliza um formul\u00e1rio de ades\u00e3o e habilita eletronicamente as empresas que t\u00eam interesse. Os Procons tamb\u00e9m permanecem com a possibilidade de incluir novos fornecedores.<\/p>\n\n\n\n<p>Nesta fase, os Procons de Florian\u00f3polis (SC) e Rio de Janeiro (RJ) tamb\u00e9m participam da implanta\u00e7\u00e3o. A substitui\u00e7\u00e3o j\u00e1 teve in\u00edcio nos Procons municipais de Macei\u00f3 (AL) e Campo Grande (MS), al\u00e9m de Roraima, que envolveu o Procon Estadual, o municipal de Boa Vista, a Defensoria P\u00fablica e \u00f3rg\u00e3os de defesa do consumidor locais. A expectativa \u00e9 que a mudan\u00e7a seja feita em todos os \u00f3rg\u00e3os de defesa do consumidor do pa\u00eds at\u00e9 2023.<\/p>\n\n\n\n<p><em>(Fonte\/Imagem: Prefeitura de Jundia\u00ed)<\/em><\/p>\n","protected":false},"excerpt":{"rendered":"<p>A nova ferramenta vai substituir o Sistema Nacional de Informa\u00e7\u00f5es de Defesa do Consumidor (Sindec)<\/p>\n","protected":false},"author":25,"featured_media":75978,"comment_status":"closed","ping_status":"closed","sticky":false,"template":"","format":"standard","meta":{"footnotes":""},"categories":[1],"tags":[],"class_list":["post-75977","post","type-post","status-publish","format-standard","has-post-thumbnail","hentry","category-noticias"],"_links":{"self":[{"href":"https:\/\/tvtecjundiai.com.br\/news\/wp-json\/wp\/v2\/posts\/75977","targetHints":{"allow":["GET"]}}],"collection":[{"href":"https:\/\/tvtecjundiai.com.br\/news\/wp-json\/wp\/v2\/posts"}],"about":[{"href":"https:\/\/tvtecjundiai.com.br\/news\/wp-json\/wp\/v2\/types\/post"}],"author":[{"embeddable":true,"href":"https:\/\/tvtecjundiai.com.br\/news\/wp-json\/wp\/v2\/users\/25"}],"replies":[{"embeddable":true,"href":"https:\/\/tvtecjundiai.com.br\/news\/wp-json\/wp\/v2\/comments?post=75977"}],"version-history":[{"count":3,"href":"https:\/\/tvtecjundiai.com.br\/news\/wp-json\/wp\/v2\/posts\/75977\/revisions"}],"predecessor-version":[{"id":75983,"href":"https:\/\/tvtecjundiai.com.br\/news\/wp-json\/wp\/v2\/posts\/75977\/revisions\/75983"}],"wp:featuredmedia":[{"embeddable":true,"href":"https:\/\/tvtecjundiai.com.br\/news\/wp-json\/wp\/v2\/media\/75978"}],"wp:attachment":[{"href":"https:\/\/tvtecjundiai.com.br\/news\/wp-json\/wp\/v2\/media?parent=75977"}],"wp:term":[{"taxonomy":"category","embeddable":true,"href":"https:\/\/tvtecjundiai.com.br\/news\/wp-json\/wp\/v2\/categories?post=75977"},{"taxonomy":"post_tag","embeddable":true,"href":"https:\/\/tvtecjundiai.com.br\/news\/wp-json\/wp\/v2\/tags?post=75977"}],"curies":[{"name":"wp","href":"https:\/\/api.w.org\/{rel}","templated":true}]}}