{"id":7598,"date":"2018-03-18T11:15:18","date_gmt":"2018-03-18T14:15:18","guid":{"rendered":"https:\/\/tvtecjundiai.com.br\/news\/?p=7598"},"modified":"2018-03-18T11:15:18","modified_gmt":"2018-03-18T14:15:18","slug":"esporte-seletiva-de-volei-abre-inscricoes-nesta-segunda-19","status":"publish","type":"post","link":"https:\/\/tvtecjundiai.com.br\/news\/2018\/03\/18\/esporte-seletiva-de-volei-abre-inscricoes-nesta-segunda-19\/","title":{"rendered":"Esporte: seletiva de v\u00f4lei abre inscri\u00e7\u00f5es nesta segunda (19)"},"content":{"rendered":"<p>A Unidade de Gest\u00e3o de Esporte e Lazer (UGEL) realiza Torneio de V\u00f4lei de Praia que servir\u00e1 como seletiva para a sele\u00e7\u00e3o de jogadores para os times feminino e masculino que representar\u00e3o a cidade nos Jogos Regionais, realizados em julho. A atividade j\u00e1 faz parte do fomento aos esportes de praia, definidos pela unidade, como forma de oportunizar o esporte para todos.<\/p>\n<div id=\"attachment_7599\" style=\"width: 417px\" class=\"wp-caption alignright\"><a href=\"https:\/\/tvtecjundiai.com.br\/news\/wp-content\/uploads\/sites\/2\/2018\/03\/volei-praia.jpg\"><img loading=\"lazy\" decoding=\"async\" aria-describedby=\"caption-attachment-7599\" class=\"wp-image-7599\" src=\"https:\/\/tvtecjundiai.com.br\/news\/wp-content\/uploads\/sites\/2\/2018\/03\/volei-praia-300x200.jpg\" alt=\"\" width=\"407\" height=\"271\" srcset=\"https:\/\/tvtecjundiai.com.br\/news\/wp-content\/uploads\/sites\/2\/2018\/03\/volei-praia-300x200.jpg 300w, https:\/\/tvtecjundiai.com.br\/news\/wp-content\/uploads\/sites\/2\/2018\/03\/volei-praia-768x512.jpg 768w, https:\/\/tvtecjundiai.com.br\/news\/wp-content\/uploads\/sites\/2\/2018\/03\/volei-praia-1200x800.jpg 1200w, https:\/\/tvtecjundiai.com.br\/news\/wp-content\/uploads\/sites\/2\/2018\/03\/volei-praia.jpg 1280w\" sizes=\"auto, (max-width: 407px) 100vw, 407px\" \/><\/a><p id=\"caption-attachment-7599\" class=\"wp-caption-text\">Inscri\u00e7\u00f5es para Torneio ser\u00e3o realizadas no CECE Bol\u00e3o<\/p><\/div>\n<p><strong>LEIA TAMB\u00c9M:<\/strong><br \/>\n<strong><a href=\"https:\/\/tvtecjundiai.com.br\/news\/2018\/03\/16\/cidades-jundiai-fortalece-acoes-contra-a-obesidade-infantil\/\" target=\"_blank\" rel=\"noopener\">Cidades: Jundia\u00ed fortalece a\u00e7\u00f5es contra a Obesidade Infantil<\/a><\/strong><\/p>\n<p>Os interessados em participar podem se inscrever a partir desta segunda-feira (19) de mar\u00e7o no CECE Dr. Nicolino de Luca, o Bol\u00e3o. A inscri\u00e7\u00e3o segue at\u00e9 2 de abril. A fase classificat\u00f3ria ser\u00e1 dia 7 de abril, a partir das 8h. J\u00e1 a final ser\u00e1 disputada no dia 8 de abril, a partir das 9h. Ambos no Sororoca.<\/p>\n<p>De acordo com a assessora para projetos esportivos, Elaine Sivi Machado, em Jundia\u00ed existem tr\u00eas espa\u00e7os para a pr\u00e1tica da modalidade: Centro Educacional, Cultural e Esportivo (CECE) Jos\u00e9 Brenna (Sororoca), CECE Rom\u00e3o de Souza e no Parque da Cidade. \u201cO incentivo \u00e0 pr\u00e1tica dos esportes de praia, como o v\u00f4lei e o futebol, faz parte dos projetos da unidade. A seletiva j\u00e1 \u00e9 uma forma de fomentar a modalidade e atrair mais pessoas para as atividades, que resultam em uma vida ativa e saud\u00e1vel\u201d, resume.<\/p>\n<p>Informa\u00e7\u00f5es adicionais podem ser obtidas pelo telefone 4521-6848 ou 4521-8887.<\/p>\n<p><em>Fonte: Prefeitura de Jundia\u00ed<\/em><\/p>\n","protected":false},"excerpt":{"rendered":"<p>Evento servir\u00e1 para sele\u00e7\u00e3o de jogadores que representar\u00e3o Jundia\u00ed nos Jogos Regionais<\/p>\n","protected":false},"author":6,"featured_media":7599,"comment_status":"closed","ping_status":"closed","sticky":false,"template":"","format":"standard","meta":{"footnotes":""},"categories":[1],"tags":[394,7,2544,5,2543,1645,2542],"class_list":["post-7598","post","type-post","status-publish","format-standard","has-post-thumbnail","hentry","category-noticias","tag-bolao","tag-esporte","tag-jogos-regionais","tag-jundiai","tag-seletiva-de-volei","tag-volei","tag-volei-de-praia"],"_links":{"self":[{"href":"https:\/\/tvtecjundiai.com.br\/news\/wp-json\/wp\/v2\/posts\/7598","targetHints":{"allow":["GET"]}}],"collection":[{"href":"https:\/\/tvtecjundiai.com.br\/news\/wp-json\/wp\/v2\/posts"}],"about":[{"href":"https:\/\/tvtecjundiai.com.br\/news\/wp-json\/wp\/v2\/types\/post"}],"author":[{"embeddable":true,"href":"https:\/\/tvtecjundiai.com.br\/news\/wp-json\/wp\/v2\/users\/6"}],"replies":[{"embeddable":true,"href":"https:\/\/tvtecjundiai.com.br\/news\/wp-json\/wp\/v2\/comments?post=7598"}],"version-history":[{"count":1,"href":"https:\/\/tvtecjundiai.com.br\/news\/wp-json\/wp\/v2\/posts\/7598\/revisions"}],"predecessor-version":[{"id":7600,"href":"https:\/\/tvtecjundiai.com.br\/news\/wp-json\/wp\/v2\/posts\/7598\/revisions\/7600"}],"wp:featuredmedia":[{"embeddable":true,"href":"https:\/\/tvtecjundiai.com.br\/news\/wp-json\/wp\/v2\/media\/7599"}],"wp:attachment":[{"href":"https:\/\/tvtecjundiai.com.br\/news\/wp-json\/wp\/v2\/media?parent=7598"}],"wp:term":[{"taxonomy":"category","embeddable":true,"href":"https:\/\/tvtecjundiai.com.br\/news\/wp-json\/wp\/v2\/categories?post=7598"},{"taxonomy":"post_tag","embeddable":true,"href":"https:\/\/tvtecjundiai.com.br\/news\/wp-json\/wp\/v2\/tags?post=7598"}],"curies":[{"name":"wp","href":"https:\/\/api.w.org\/{rel}","templated":true}]}}