{"id":75995,"date":"2021-05-18T12:27:24","date_gmt":"2021-05-18T15:27:24","guid":{"rendered":"https:\/\/tvtecjundiai.com.br\/news\/?p=75995"},"modified":"2021-05-18T12:27:24","modified_gmt":"2021-05-18T15:27:24","slug":"covid-19-insumo-para-producao-de-12-milhoes-de-doses-da-astrazeneca-chega-sabado-21","status":"publish","type":"post","link":"https:\/\/tvtecjundiai.com.br\/news\/2021\/05\/18\/covid-19-insumo-para-producao-de-12-milhoes-de-doses-da-astrazeneca-chega-sabado-21\/","title":{"rendered":"COVID-19: insumo para produ\u00e7\u00e3o de 12 milh\u00f5es de doses da AstraZeneca chega s\u00e1bado (21)"},"content":{"rendered":"\n<p>O secret\u00e1rio-executivo do Minist\u00e9rio da Sa\u00fade, Rodrigo Cruz, afirmou na manh\u00e3 desta segunda-feira (17) em audi\u00eancia no Senado que os dois pr\u00f3ximos lotes de ingrediente farmacol\u00f3gico ativo (IFA) para a vacina da AstraZeneca produzida pela Funda\u00e7\u00e3o Oswaldo Cruz (Fiocruz) devem ser enviados da China para o Brasil na pr\u00f3xima sexta-feira (21), com chegada prevista para s\u00e1bado (22). Na semana passada, a Fiocruz informou que estava com estoque baixo.<\/p>\n\n\n\n<p>O IFA \u00e9 mat\u00e9ria-prima para produ\u00e7\u00e3o das vacinas, que o Brasil importa em grande parte da China. Neste momento em que o mundo inteiro tem demanda por IFA, oposicionistas avaliam que declara\u00e7\u00f5es do presidente Jair Bolsonaro contra a China prejudicam as rela\u00e7\u00f5es diplom\u00e1ticas entre os dois pa\u00edses e provocam demora no envio da mat\u00e9ria-prima de vacinas.<\/p>\n\n\n\n<p>Segundo o secret\u00e1rio Rodrigo Cruz, o volume de insumos ser\u00e1 suficiente para produ\u00e7\u00e3o de cerca de 18 milh\u00f5es de doses da vacina da AstraZeneca.<\/p>\n\n\n\n<div class=\"wp-block-image\"><figure class=\"aligncenter size-large\"><img loading=\"lazy\" decoding=\"async\" width=\"1200\" height=\"800\" src=\"https:\/\/tvtecjundiai.com.br\/news\/wp-content\/uploads\/sites\/2\/2021\/05\/50930285621_1af82e4e31_o-1200x800.jpg\" alt=\"\" class=\"wp-image-75996\" srcset=\"https:\/\/tvtecjundiai.com.br\/news\/wp-content\/uploads\/sites\/2\/2021\/05\/50930285621_1af82e4e31_o-1200x800.jpg 1200w, https:\/\/tvtecjundiai.com.br\/news\/wp-content\/uploads\/sites\/2\/2021\/05\/50930285621_1af82e4e31_o-300x200.jpg 300w, https:\/\/tvtecjundiai.com.br\/news\/wp-content\/uploads\/sites\/2\/2021\/05\/50930285621_1af82e4e31_o-768x512.jpg 768w, https:\/\/tvtecjundiai.com.br\/news\/wp-content\/uploads\/sites\/2\/2021\/05\/50930285621_1af82e4e31_o.jpg 1280w\" sizes=\"auto, (max-width: 1200px) 100vw, 1200px\" \/><\/figure><\/div>\n\n\n\n<p>No fim da tarde, a Fiocruz divulgou nota na qual informa que receber\u00e1 no pr\u00f3ximo s\u00e1bado insumos, mas para a produ\u00e7\u00e3o de 12 milh\u00f5es de doses.<\/p>\n\n\n\n<p>&#8220;Com as novas remessas, as entregas de vacinas est\u00e3o asseguradas at\u00e9 a terceira semana de junho&#8221;, diz a nota da Fiocruz.<\/p>\n\n\n\n<p>Rodrigo Cruz deu a informa\u00e7\u00e3o em audi\u00eancia da comiss\u00e3o no Senado que acompanha as a\u00e7\u00f5es governamentais para combate \u00e0 pandemia. Antes, a previs\u00e3o anunciada do IFA para o fim de maio era de duas datas para embarque do insumo, parte no dia 21 e parte no dia 29.<\/p>\n\n\n\n<p>\u201cA gente recebeu hoje [segunda] a confirma\u00e7\u00e3o de envio de dois lotes no dia 21 de maio. Ent\u00e3o, a gente teria dois embarques, um confirmado para o dia 21, com chegada no dia 22, e um planejado para dia 28, com chegada para o dia 29. A boa not\u00edcia \u00e9 que hoje recebi a confirma\u00e7\u00e3o de que esses dois lotes v\u00e3o ser embarcados no dia 21 de maio\u201d, disse.<\/p>\n\n\n\n<p><em>(Fonte: G1\/Imagem: Prefeitura de Jundia\u00ed)<\/em><\/p>\n","protected":false},"excerpt":{"rendered":"<p>O IFA \u00e9 mat\u00e9ria-prima para produ\u00e7\u00e3o das vacinas, que o Brasil importa em grande parte da China<\/p>\n","protected":false},"author":25,"featured_media":75996,"comment_status":"closed","ping_status":"closed","sticky":false,"template":"","format":"standard","meta":{"footnotes":""},"categories":[1,2839],"tags":[],"class_list":["post-75995","post","type-post","status-publish","format-standard","has-post-thumbnail","hentry","category-noticias","category-saude"],"_links":{"self":[{"href":"https:\/\/tvtecjundiai.com.br\/news\/wp-json\/wp\/v2\/posts\/75995","targetHints":{"allow":["GET"]}}],"collection":[{"href":"https:\/\/tvtecjundiai.com.br\/news\/wp-json\/wp\/v2\/posts"}],"about":[{"href":"https:\/\/tvtecjundiai.com.br\/news\/wp-json\/wp\/v2\/types\/post"}],"author":[{"embeddable":true,"href":"https:\/\/tvtecjundiai.com.br\/news\/wp-json\/wp\/v2\/users\/25"}],"replies":[{"embeddable":true,"href":"https:\/\/tvtecjundiai.com.br\/news\/wp-json\/wp\/v2\/comments?post=75995"}],"version-history":[{"count":1,"href":"https:\/\/tvtecjundiai.com.br\/news\/wp-json\/wp\/v2\/posts\/75995\/revisions"}],"predecessor-version":[{"id":75997,"href":"https:\/\/tvtecjundiai.com.br\/news\/wp-json\/wp\/v2\/posts\/75995\/revisions\/75997"}],"wp:featuredmedia":[{"embeddable":true,"href":"https:\/\/tvtecjundiai.com.br\/news\/wp-json\/wp\/v2\/media\/75996"}],"wp:attachment":[{"href":"https:\/\/tvtecjundiai.com.br\/news\/wp-json\/wp\/v2\/media?parent=75995"}],"wp:term":[{"taxonomy":"category","embeddable":true,"href":"https:\/\/tvtecjundiai.com.br\/news\/wp-json\/wp\/v2\/categories?post=75995"},{"taxonomy":"post_tag","embeddable":true,"href":"https:\/\/tvtecjundiai.com.br\/news\/wp-json\/wp\/v2\/tags?post=75995"}],"curies":[{"name":"wp","href":"https:\/\/api.w.org\/{rel}","templated":true}]}}