{"id":75998,"date":"2021-05-18T13:05:28","date_gmt":"2021-05-18T16:05:28","guid":{"rendered":"https:\/\/tvtecjundiai.com.br\/news\/?p=75998"},"modified":"2021-05-18T13:05:28","modified_gmt":"2021-05-18T16:05:28","slug":"prefeitura-de-jundiai-promove-live-sobre-o-papel-da-mulher-na-educacao-e-cultura","status":"publish","type":"post","link":"https:\/\/tvtecjundiai.com.br\/news\/2021\/05\/18\/prefeitura-de-jundiai-promove-live-sobre-o-papel-da-mulher-na-educacao-e-cultura\/","title":{"rendered":"Prefeitura de Jundia\u00ed promove live sobre o papel da mulher na Educa\u00e7\u00e3o e Cultura"},"content":{"rendered":"\n<p>Na pr\u00f3xima segunda-feira (24), a partir das 19h30, est\u00e1 programada mais uma videoconfer\u00eancia da programa\u00e7\u00e3o especial sobre Mulheres proposta pela Assessoria de Pol\u00edticas para Mulheres da Unidade de Gest\u00e3o da Casa Civil (UGCC) e pela Unidade de Gest\u00e3o de Cultura (UGC). O tema desta vez ser\u00e1 \u201cEduca\u00e7\u00e3o, Cultura e Ci\u00eancia: o papel da mulher no desenvolvimento dos valores sociais, culturais e cient\u00edficos\u201d.<\/p>\n\n\n\n<p>Com transmiss\u00e3o ao vivo pelos canais da Cultura no Facebook e YouTube, este ser\u00e1 o terceiro encontro tem\u00e1tico da s\u00e9rie iniciada no M\u00eas das Mulheres e que j\u00e1 dialogou sobre o acolhimento a mulheres v\u00edtimas de viol\u00eancia, em mar\u00e7o, e sobre a inser\u00e7\u00e3o e perman\u00eancia das mulheres no mundo do trabalho e amplia\u00e7\u00e3o dos seus direitos sociais, em abril.<\/p>\n\n\n\n<p>Para o encontro deste m\u00eas, as convidadas especiais ser\u00e3o: Vast\u00ed Ferrari Marques, que \u00e9 servidora p\u00fablica municipal, trabalhou como docente e diretora de escolas da rede e atualmente \u00e9 gestora da Unidade de Gest\u00e3o de Educa\u00e7\u00e3o; Maria Angela Borges Salvadori, que \u00e9 docente da Faculdade de Educa\u00e7\u00e3o da Universidade de S\u00e3o Paulo (USP); e de Claudia Feres, que \u00e9 maestrina, regente titular e diretora art\u00edstica da Orquestra Municipal de Jundia\u00ed.<\/p>\n\n\n\n<figure class=\"wp-block-image size-large\"><img loading=\"lazy\" decoding=\"async\" width=\"1200\" height=\"727\" src=\"https:\/\/tvtecjundiai.com.br\/news\/wp-content\/uploads\/sites\/2\/2021\/05\/montagem_participantes_live_mulher-1200x727.jpg\" alt=\"\" class=\"wp-image-75999\" srcset=\"https:\/\/tvtecjundiai.com.br\/news\/wp-content\/uploads\/sites\/2\/2021\/05\/montagem_participantes_live_mulher-1200x727.jpg 1200w, https:\/\/tvtecjundiai.com.br\/news\/wp-content\/uploads\/sites\/2\/2021\/05\/montagem_participantes_live_mulher-300x182.jpg 300w, https:\/\/tvtecjundiai.com.br\/news\/wp-content\/uploads\/sites\/2\/2021\/05\/montagem_participantes_live_mulher-768x465.jpg 768w, https:\/\/tvtecjundiai.com.br\/news\/wp-content\/uploads\/sites\/2\/2021\/05\/montagem_participantes_live_mulher.jpg 1280w\" sizes=\"auto, (max-width: 1200px) 100vw, 1200px\" \/><figcaption>Vast\u00ed, Claudia e Maria Angela s\u00e3o as convidadas especiais da noite tem\u00e1tica<\/figcaption><\/figure>\n\n\n\n<p>Assim como em todos os eventos da programa\u00e7\u00e3o, a noite contar\u00e1 com a participa\u00e7\u00e3o de uma mulher artista jundiaiense para a realiza\u00e7\u00e3o de uma performance especial. A convidada da noite ser\u00e1 Let\u00edcia Nogueira.<\/p>\n\n\n\n<p>A apresenta\u00e7\u00e3o ser\u00e1 mediada pela assessora de Pol\u00edticas para Mulheres, Penha Camunhas Martins, e pelo gestor da UGC, Marcelo Peroni, e contar\u00e1 com a tradu\u00e7\u00e3o simult\u00e2nea em L\u00edngua brasileira de sinais (Libras).<\/p>\n\n\n\n<p>Mais lives<br>At\u00e9 o fim do ano, est\u00e3o previstos novos encontros on-line mensais, com convidados e artistas especiais, com os temas: o papel da Mulher na Pol\u00edtica; a igualdade entre homens e mulheres; a vida da Mulher no meio rural; o enfrentamento a desigualdades e \u00e0 viol\u00eancia contra as mulheres; Direitos Humanos e a Sa\u00fade da Mulher.<\/p>\n\n\n\n<p><em>(Texto\/Imagem: Prefeitura de Jundia\u00ed)<\/em><\/p>\n","protected":false},"excerpt":{"rendered":"<p>Este ser\u00e1 o terceiro encontro tem\u00e1tico da s\u00e9rie iniciada no M\u00eas das Mulheres; videoconfer\u00eancia acontece dia 24<\/p>\n","protected":false},"author":28,"featured_media":75999,"comment_status":"closed","ping_status":"closed","sticky":false,"template":"","format":"standard","meta":{"footnotes":""},"categories":[8356,1],"tags":[],"class_list":["post-75998","post","type-post","status-publish","format-standard","has-post-thumbnail","hentry","category-jundiai","category-noticias"],"_links":{"self":[{"href":"https:\/\/tvtecjundiai.com.br\/news\/wp-json\/wp\/v2\/posts\/75998","targetHints":{"allow":["GET"]}}],"collection":[{"href":"https:\/\/tvtecjundiai.com.br\/news\/wp-json\/wp\/v2\/posts"}],"about":[{"href":"https:\/\/tvtecjundiai.com.br\/news\/wp-json\/wp\/v2\/types\/post"}],"author":[{"embeddable":true,"href":"https:\/\/tvtecjundiai.com.br\/news\/wp-json\/wp\/v2\/users\/28"}],"replies":[{"embeddable":true,"href":"https:\/\/tvtecjundiai.com.br\/news\/wp-json\/wp\/v2\/comments?post=75998"}],"version-history":[{"count":1,"href":"https:\/\/tvtecjundiai.com.br\/news\/wp-json\/wp\/v2\/posts\/75998\/revisions"}],"predecessor-version":[{"id":76000,"href":"https:\/\/tvtecjundiai.com.br\/news\/wp-json\/wp\/v2\/posts\/75998\/revisions\/76000"}],"wp:featuredmedia":[{"embeddable":true,"href":"https:\/\/tvtecjundiai.com.br\/news\/wp-json\/wp\/v2\/media\/75999"}],"wp:attachment":[{"href":"https:\/\/tvtecjundiai.com.br\/news\/wp-json\/wp\/v2\/media?parent=75998"}],"wp:term":[{"taxonomy":"category","embeddable":true,"href":"https:\/\/tvtecjundiai.com.br\/news\/wp-json\/wp\/v2\/categories?post=75998"},{"taxonomy":"post_tag","embeddable":true,"href":"https:\/\/tvtecjundiai.com.br\/news\/wp-json\/wp\/v2\/tags?post=75998"}],"curies":[{"name":"wp","href":"https:\/\/api.w.org\/{rel}","templated":true}]}}