{"id":76001,"date":"2021-05-18T13:51:11","date_gmt":"2021-05-18T16:51:11","guid":{"rendered":"https:\/\/tvtecjundiai.com.br\/news\/?p=76001"},"modified":"2021-05-18T13:58:16","modified_gmt":"2021-05-18T16:58:16","slug":"covid-19-mensagens-de-familiares-transmitem-fe-aos-pacientes-no-sao-vicente-1","status":"publish","type":"post","link":"https:\/\/tvtecjundiai.com.br\/news\/2021\/05\/18\/covid-19-mensagens-de-familiares-transmitem-fe-aos-pacientes-no-sao-vicente-1\/","title":{"rendered":"COVID-19: Mensagens de familiares transmitem f\u00e9 aos pacientes no S\u00e3o Vicente"},"content":{"rendered":"\n<p>Al\u00e9m da assist\u00eancia humanizada prestada aos internados, a atua\u00e7\u00e3o dos profissionais da psicologia vem se tornando a cada dia um servi\u00e7o essencial, proporcionando suporte no processo de enfrentamento ao isolamento durante o tratamento e recupera\u00e7\u00e3o de pacientes diagnosticados com COVID-19. Recentemente, no Hospital de Caridade S\u00e3o Vicente de Paulo (HSV), Waldeir Lopes Sobrinho, de 46 anos, foi mais um paciente acolhido pela equipe da institui\u00e7\u00e3o com um momento de descontra\u00e7\u00e3o e leveza. Por interm\u00e9dio da psic\u00f3loga cl\u00ednica e hospitalar do HSV, Juliana Oliveira Brochado, o paciente, ap\u00f3s duas semanas de interna\u00e7\u00e3o recebeu cartas e fotos de familiares e amigos queridos.<\/p>\n\n\n\n<p>A psic\u00f3loga que acompanha e auxilia dia a dia na interna\u00e7\u00e3o dos pacientes, explica que a iniciativa surgiu em meio a uma sess\u00e3o de v\u00eddeo chamada para a esposa, Andreia Lopes. \u201cEla sugeriu que a fam\u00edlia e amigos mais pr\u00f3ximos enviassem fotos e escrevessem cartas que levassem a ele o sentimento de acolhimento e, de certa forma, pudesse anim\u00e1-lo em meio a esses dias de interna\u00e7\u00e3o. Eu acolhi o pedido e assim, com mensagens de for\u00e7a e carinho, al\u00e9m de versos b\u00edblicos com men\u00e7\u00f5es de f\u00e9 e esperan\u00e7a, Waldeir seguiu essa caminhada em meio ao isolamento com um olhar diferente, um olhar de esperan\u00e7a e vida!\u201d. Juliana ainda enfatiza que em tempos atuais de pandemia, muitos pacientes apresentam sentimentos de tristeza, solid\u00e3o e ansiedade, e que a v\u00eddeo chamada e os atendimentos individuais s\u00e3o um caminho de aproxima\u00e7\u00e3o do internado com a fam\u00edlia, ajudando na sua recupera\u00e7\u00e3o e processo de hospitaliza\u00e7\u00e3o.<\/p>\n\n\n\n<p>Como forma de agradecimento \u00e0 assist\u00eancia e cuidado da equipe com o paciente, Andreia fez quest\u00e3o de entregar pessoalmente uma cesta de chocolates com uma carta de agradecimento: \u201c\u00c0 toda a equipe, saibam que seu trabalho \u00e9 muito importante para n\u00f3s. Obrigada pela dedica\u00e7\u00e3o e em especial por cuidar t\u00e3o bem do Waldeir. Que Deus aben\u00e7oe a cada um de voc\u00eas e seus familiares, lhes dando muita sa\u00fade e for\u00e7a para contribu\u00edrem usando esse maravilhoso dom\u201d, dizia a carta. \u201cRealizamos o atendimento com paciente\/fam\u00edlia diariamente, apresentando resultados de humaniza\u00e7\u00e3o para promover a qualidade do v\u00ednculo familiar, e poder contribuir com aspectos que aproximam e fortalecem ambos os lados, \u00e9 muito importante e gratificante para mim\u201d, finaliza Juliana. O paciente teve alta m\u00e9dica no dia 9 de maio, depois de ficar internado por 20 dias.<\/p>\n\n\n\n<div class=\"wp-block-image\"><figure class=\"aligncenter size-large\"><img loading=\"lazy\" decoding=\"async\" width=\"720\" height=\"960\" src=\"https:\/\/tvtecjundiai.com.br\/news\/wp-content\/uploads\/sites\/2\/2021\/05\/Presentes-entregue-por-familiares-a-equipe-e-mensagens-ao-paciente-720x960.jpeg\" alt=\"\" class=\"wp-image-76002\" srcset=\"https:\/\/tvtecjundiai.com.br\/news\/wp-content\/uploads\/sites\/2\/2021\/05\/Presentes-entregue-por-familiares-a-equipe-e-mensagens-ao-paciente-720x960.jpeg 720w, https:\/\/tvtecjundiai.com.br\/news\/wp-content\/uploads\/sites\/2\/2021\/05\/Presentes-entregue-por-familiares-a-equipe-e-mensagens-ao-paciente-300x400.jpeg 300w, https:\/\/tvtecjundiai.com.br\/news\/wp-content\/uploads\/sites\/2\/2021\/05\/Presentes-entregue-por-familiares-a-equipe-e-mensagens-ao-paciente-768x1024.jpeg 768w, https:\/\/tvtecjundiai.com.br\/news\/wp-content\/uploads\/sites\/2\/2021\/05\/Presentes-entregue-por-familiares-a-equipe-e-mensagens-ao-paciente.jpeg 960w\" sizes=\"auto, (max-width: 720px) 100vw, 720px\" \/><figcaption>Presentes entregues \u00e0 equipe e mensagens ao paciente<\/figcaption><\/figure><\/div>\n\n\n\n<p><em>(Texto\/Foto: Assessoria de Imprensa)<\/em><\/p>\n","protected":false},"excerpt":{"rendered":"<p>Atua\u00e7\u00e3o dos profissionais da psicologia vem se tornando a cada dia um servi\u00e7o essencial<\/p>\n","protected":false},"author":28,"featured_media":72786,"comment_status":"closed","ping_status":"closed","sticky":false,"template":"","format":"standard","meta":{"footnotes":""},"categories":[8356,1],"tags":[],"class_list":["post-76001","post","type-post","status-publish","format-standard","has-post-thumbnail","hentry","category-jundiai","category-noticias"],"_links":{"self":[{"href":"https:\/\/tvtecjundiai.com.br\/news\/wp-json\/wp\/v2\/posts\/76001","targetHints":{"allow":["GET"]}}],"collection":[{"href":"https:\/\/tvtecjundiai.com.br\/news\/wp-json\/wp\/v2\/posts"}],"about":[{"href":"https:\/\/tvtecjundiai.com.br\/news\/wp-json\/wp\/v2\/types\/post"}],"author":[{"embeddable":true,"href":"https:\/\/tvtecjundiai.com.br\/news\/wp-json\/wp\/v2\/users\/28"}],"replies":[{"embeddable":true,"href":"https:\/\/tvtecjundiai.com.br\/news\/wp-json\/wp\/v2\/comments?post=76001"}],"version-history":[{"count":1,"href":"https:\/\/tvtecjundiai.com.br\/news\/wp-json\/wp\/v2\/posts\/76001\/revisions"}],"predecessor-version":[{"id":76003,"href":"https:\/\/tvtecjundiai.com.br\/news\/wp-json\/wp\/v2\/posts\/76001\/revisions\/76003"}],"wp:featuredmedia":[{"embeddable":true,"href":"https:\/\/tvtecjundiai.com.br\/news\/wp-json\/wp\/v2\/media\/72786"}],"wp:attachment":[{"href":"https:\/\/tvtecjundiai.com.br\/news\/wp-json\/wp\/v2\/media?parent=76001"}],"wp:term":[{"taxonomy":"category","embeddable":true,"href":"https:\/\/tvtecjundiai.com.br\/news\/wp-json\/wp\/v2\/categories?post=76001"},{"taxonomy":"post_tag","embeddable":true,"href":"https:\/\/tvtecjundiai.com.br\/news\/wp-json\/wp\/v2\/tags?post=76001"}],"curies":[{"name":"wp","href":"https:\/\/api.w.org\/{rel}","templated":true}]}}