{"id":76007,"date":"2021-05-18T16:45:18","date_gmt":"2021-05-18T19:45:18","guid":{"rendered":"https:\/\/tvtecjundiai.com.br\/news\/?p=76007"},"modified":"2021-05-18T16:50:46","modified_gmt":"2021-05-18T19:50:46","slug":"de-professora-a-personal-organizer-aluna-da-tvtec-muda-de-profissao-sem-olhar-para-tras-1","status":"publish","type":"post","link":"https:\/\/tvtecjundiai.com.br\/news\/2021\/05\/18\/de-professora-a-personal-organizer-aluna-da-tvtec-muda-de-profissao-sem-olhar-para-tras-1\/","title":{"rendered":"De professora a personal organizer: aluna da TVTEC muda de profiss\u00e3o sem olhar para tr\u00e1s"},"content":{"rendered":"\n<p>Mudar de profiss\u00e3o \u00e9 algo relativamente comum entre as pessoas, afinal ningu\u00e9m \u00e9 obrigado a se manter em uma \u00e1rea que n\u00e3o se identifica. E foi exatamente isso que a aluna da TVTEC, Ana Beatriz Mulinari Guarise, de 25 anos, fez.<\/p>\n\n\n\n<p>Ana Beatriz se inscreveu no curso \u201cEmpreendedorismo e Design Thinking\u201d, oferecido pela Prefeitura de Jundia\u00ed em parceria com a TVTEC. \u201cQuis fazer o curso para aprimorar meu trabalho e aprender cada vez mais sobre empreendedorismo \u2014 alcan\u00e7ar clientes, mercado de trabalho, ser cada vez melhor\u201d, destaca a aluna.<\/p>\n\n\n\n<p>O motivo de Ana querer se aprimorar \u00e9 porque a jovem atualmente trabalha como Personal Organizer ou, em bom portugu\u00eas, como organizadora pessoal. Mas assim como aconteceu em outras profiss\u00f5es, Ana teve que dar uma pausa em seus atendimentos quando a pandemia do COVID-19 come\u00e7ou, j\u00e1 que este tipo de trabalho exige a presen\u00e7a f\u00edsica. \u201cEu estava trabalhando como Personal Organizer na \u00e9poca, mas como \u00e9 um trabalho presencial, tive que dar uma pausa, infelizmente. Comecei a criar alguns conte\u00fados digitais para dar uma impulsionada no Instagram da empresa. E percebi que comecei a gostar de cria\u00e7\u00e3o, artes, marketing\u201d, conta Ana.<\/p>\n\n\n\n<div class=\"wp-block-image\"><figure class=\"aligncenter size-large is-resized\"><img loading=\"lazy\" decoding=\"async\" src=\"https:\/\/tvtecjundiai.com.br\/news\/wp-content\/uploads\/sites\/2\/2021\/05\/Ana-719x960.jpeg\" alt=\"\" class=\"wp-image-76008\" width=\"475\" height=\"634\" srcset=\"https:\/\/tvtecjundiai.com.br\/news\/wp-content\/uploads\/sites\/2\/2021\/05\/Ana-719x960.jpeg 719w, https:\/\/tvtecjundiai.com.br\/news\/wp-content\/uploads\/sites\/2\/2021\/05\/Ana-300x401.jpeg 300w, https:\/\/tvtecjundiai.com.br\/news\/wp-content\/uploads\/sites\/2\/2021\/05\/Ana-768x1026.jpeg 768w, https:\/\/tvtecjundiai.com.br\/news\/wp-content\/uploads\/sites\/2\/2021\/05\/Ana.jpeg 958w\" sizes=\"auto, (max-width: 475px) 100vw, 475px\" \/><figcaption>Ana Beatriz desistiu da pedagogia para ser personal organizer <\/figcaption><\/figure><\/div>\n\n\n\n<p>Mas nem sempre a jovem atuou neste ramo. Antes de se decidir pela organiza\u00e7\u00e3o, Ana trabalhava como professora infantil, j\u00e1 que era formada em pedagogia. \u201cQuando me formei no Ensino M\u00e9dio, j\u00e1 entrei para a faculdade. Decidi fazer Pedagogia, pois sou apaixonada por crian\u00e7as e gosto de ensinar. Assim que me formei, ingressei em uma escola como professora. Fiquei tr\u00eas anos trabalhando como professora de Educa\u00e7\u00e3o Infantil. Aprendi muito nesse tempo. Mas sentia que algo estava faltando\u201d, lembra Ana.<\/p>\n\n\n\n<p>Foi ent\u00e3o que ap\u00f3s a faculdade, a jovem decidiu seguir sua intui\u00e7\u00e3o e fazer um curso de personal organizer. \u201cQuando sa\u00ed da escola, comecei o curso do Personal Organizer e me encontrei. Sou extremamente apaixonada por organiza\u00e7\u00e3o; e poder levar isso para as pessoas me deixou ainda mais animada\u201d. Ana decidiu fazer sociedade com a melhor amiga e as duas criaram a empresa \u2018Ai, me ajuda\u2019.<\/p>\n\n\n\n<p>Mas com os atendimentos presenciais pausados, a jovem teve que abrir mais um pouco o leque de op\u00e7\u00f5es e decidiu, ent\u00e3o, ajudar o marido em sua loja rec\u00e9m-inaugurada. \u201cNesse mesmo tempo, meu marido abriu uma loja de utilidades com a irm\u00e3 dele. E eu me propus a ajud\u00e1-los de toda forma. Assim, me reinventei. Tirei foto dos produtos, montagem de cen\u00e1rios, editei, fiz vendas, entregas&#8230; e realmente acabei pegando gosto por isso\u201d, diz.<\/p>\n\n\n\n<p>O curso feito na TVTEC veio para auxiliar Ana neste momento de novas descobertas. \u201cImaginei que o design thinking era algo para criar, de fato, conte\u00fado digital. Quando aprendi o que era, achei sensacional! A quest\u00e3o de pensar em um todo. E o que mais gostei dessa proposta, \u00e9 a empatia\u201d, diz. Ana conta que sempre foi uma pessoa que pensa no pr\u00f3ximo antes de tomar qualquer atitude e que se identificou quando viu que esse era o fator primordial do design thinking. \u201cAchei algo maravilhoso\u201d.<\/p>\n\n\n\n<p><em>(Texto\/Imagem: TVTEC)<\/em><\/p>\n","protected":false},"excerpt":{"rendered":"<p>Ana Beatriz se formou em pedagogia, mas foi na profiss\u00e3o de organizadora que se encontrou<\/p>\n","protected":false},"author":28,"featured_media":76023,"comment_status":"closed","ping_status":"closed","sticky":false,"template":"","format":"standard","meta":{"footnotes":""},"categories":[8356,1],"tags":[],"class_list":["post-76007","post","type-post","status-publish","format-standard","has-post-thumbnail","hentry","category-jundiai","category-noticias"],"_links":{"self":[{"href":"https:\/\/tvtecjundiai.com.br\/news\/wp-json\/wp\/v2\/posts\/76007","targetHints":{"allow":["GET"]}}],"collection":[{"href":"https:\/\/tvtecjundiai.com.br\/news\/wp-json\/wp\/v2\/posts"}],"about":[{"href":"https:\/\/tvtecjundiai.com.br\/news\/wp-json\/wp\/v2\/types\/post"}],"author":[{"embeddable":true,"href":"https:\/\/tvtecjundiai.com.br\/news\/wp-json\/wp\/v2\/users\/28"}],"replies":[{"embeddable":true,"href":"https:\/\/tvtecjundiai.com.br\/news\/wp-json\/wp\/v2\/comments?post=76007"}],"version-history":[{"count":1,"href":"https:\/\/tvtecjundiai.com.br\/news\/wp-json\/wp\/v2\/posts\/76007\/revisions"}],"predecessor-version":[{"id":76009,"href":"https:\/\/tvtecjundiai.com.br\/news\/wp-json\/wp\/v2\/posts\/76007\/revisions\/76009"}],"wp:featuredmedia":[{"embeddable":true,"href":"https:\/\/tvtecjundiai.com.br\/news\/wp-json\/wp\/v2\/media\/76023"}],"wp:attachment":[{"href":"https:\/\/tvtecjundiai.com.br\/news\/wp-json\/wp\/v2\/media?parent=76007"}],"wp:term":[{"taxonomy":"category","embeddable":true,"href":"https:\/\/tvtecjundiai.com.br\/news\/wp-json\/wp\/v2\/categories?post=76007"},{"taxonomy":"post_tag","embeddable":true,"href":"https:\/\/tvtecjundiai.com.br\/news\/wp-json\/wp\/v2\/tags?post=76007"}],"curies":[{"name":"wp","href":"https:\/\/api.w.org\/{rel}","templated":true}]}}