{"id":76010,"date":"2021-05-18T16:02:49","date_gmt":"2021-05-18T19:02:49","guid":{"rendered":"https:\/\/tvtecjundiai.com.br\/news\/?p=76010"},"modified":"2021-05-18T16:06:07","modified_gmt":"2021-05-18T19:06:07","slug":"associacao-e-clube-dos-surdos-de-jundiai-ira-celebrar-seu-jubileu-de-ouro-em-junho-1","status":"publish","type":"post","link":"https:\/\/tvtecjundiai.com.br\/news\/2021\/05\/18\/associacao-e-clube-dos-surdos-de-jundiai-ira-celebrar-seu-jubileu-de-ouro-em-junho-1\/","title":{"rendered":"Associa\u00e7\u00e3o e Clube dos Surdos de Jundia\u00ed ir\u00e1 celebrar seu jubileu de ouro em junho"},"content":{"rendered":"\n<p>A superintendente da Funda\u00e7\u00e3o Escola TVTEC Jundia\u00ed, M\u00f4nica Gropelo, foi convidada pela Associa\u00e7\u00e3o e Clube dos Surdos de Jundia\u00ed para participar do evento on-line em comemora\u00e7\u00e3o aos 50 anos da institui\u00e7\u00e3o.<\/p>\n\n\n\n<p>Um marco mais que merecido para a associa\u00e7\u00e3o que, h\u00e1 d\u00e9cadas, trabalha pela inclus\u00e3o do surdo, dissemina\u00e7\u00e3o da L\u00edngua Brasileira de Sinais (LIBRAS) e de toda a cultura surda.<\/p>\n\n\n\n<p>A superintendente da TVTEC comentou sobre a honra em ter sido convidada para o evento. \u201c\u00c9 uma grande honra fazer parte e comemorar com todos eles essa trajet\u00f3ria de muitas conquistas. Fazer parte do mundo poss\u00edvel, onde todas as pessoas s\u00e3o essenciais \u00e9 a nossa busca de vida e desejo de mundo ideal e adaptado a todos\u201d, disse.<\/p>\n\n\n\n<figure class=\"wp-block-image size-large\"><img loading=\"lazy\" decoding=\"async\" width=\"1200\" height=\"898\" src=\"https:\/\/tvtecjundiai.com.br\/news\/wp-content\/uploads\/sites\/2\/2021\/05\/WhatsApp-Image-2021-05-18-at-11.27.11-1200x898.jpeg\" alt=\"\" class=\"wp-image-76011\" srcset=\"https:\/\/tvtecjundiai.com.br\/news\/wp-content\/uploads\/sites\/2\/2021\/05\/WhatsApp-Image-2021-05-18-at-11.27.11-1200x898.jpeg 1200w, https:\/\/tvtecjundiai.com.br\/news\/wp-content\/uploads\/sites\/2\/2021\/05\/WhatsApp-Image-2021-05-18-at-11.27.11-300x225.jpeg 300w, https:\/\/tvtecjundiai.com.br\/news\/wp-content\/uploads\/sites\/2\/2021\/05\/WhatsApp-Image-2021-05-18-at-11.27.11-768x575.jpeg 768w, https:\/\/tvtecjundiai.com.br\/news\/wp-content\/uploads\/sites\/2\/2021\/05\/WhatsApp-Image-2021-05-18-at-11.27.11.jpeg 1280w\" sizes=\"auto, (max-width: 1200px) 100vw, 1200px\" \/><figcaption>M\u00f4nica Gropelo com os representantes da Associa\u00e7\u00e3o e Clube dos Surdos<\/figcaption><\/figure>\n\n\n\n<p>O evento ir\u00e1 ocorrer no dia 2 de junho, a partir das 19h30, por meio de uma live. A Associa\u00e7\u00e3o e Clube dos Surdos de Jundia\u00ed foi fundada no dia 2 de junho de 1971 por Germano Gon\u00e7alves. Ele foi o pioneiro da L\u00edngua Brasileira de Sinais (Libras) na cidade.<\/p>\n\n\n\n<p><em>(Texto\/Imagem: TVTEC)<\/em><\/p>\n","protected":false},"excerpt":{"rendered":"<p>Superintendente da Funda\u00e7\u00e3o Escola TVTEC, M\u00f4nica Gropelo foi convidada para o evento que ser\u00e1 on-line<\/p>\n","protected":false},"author":28,"featured_media":76015,"comment_status":"closed","ping_status":"closed","sticky":false,"template":"","format":"standard","meta":{"footnotes":""},"categories":[8356,1],"tags":[],"class_list":["post-76010","post","type-post","status-publish","format-standard","has-post-thumbnail","hentry","category-jundiai","category-noticias"],"_links":{"self":[{"href":"https:\/\/tvtecjundiai.com.br\/news\/wp-json\/wp\/v2\/posts\/76010","targetHints":{"allow":["GET"]}}],"collection":[{"href":"https:\/\/tvtecjundiai.com.br\/news\/wp-json\/wp\/v2\/posts"}],"about":[{"href":"https:\/\/tvtecjundiai.com.br\/news\/wp-json\/wp\/v2\/types\/post"}],"author":[{"embeddable":true,"href":"https:\/\/tvtecjundiai.com.br\/news\/wp-json\/wp\/v2\/users\/28"}],"replies":[{"embeddable":true,"href":"https:\/\/tvtecjundiai.com.br\/news\/wp-json\/wp\/v2\/comments?post=76010"}],"version-history":[{"count":1,"href":"https:\/\/tvtecjundiai.com.br\/news\/wp-json\/wp\/v2\/posts\/76010\/revisions"}],"predecessor-version":[{"id":76012,"href":"https:\/\/tvtecjundiai.com.br\/news\/wp-json\/wp\/v2\/posts\/76010\/revisions\/76012"}],"wp:featuredmedia":[{"embeddable":true,"href":"https:\/\/tvtecjundiai.com.br\/news\/wp-json\/wp\/v2\/media\/76015"}],"wp:attachment":[{"href":"https:\/\/tvtecjundiai.com.br\/news\/wp-json\/wp\/v2\/media?parent=76010"}],"wp:term":[{"taxonomy":"category","embeddable":true,"href":"https:\/\/tvtecjundiai.com.br\/news\/wp-json\/wp\/v2\/categories?post=76010"},{"taxonomy":"post_tag","embeddable":true,"href":"https:\/\/tvtecjundiai.com.br\/news\/wp-json\/wp\/v2\/tags?post=76010"}],"curies":[{"name":"wp","href":"https:\/\/api.w.org\/{rel}","templated":true}]}}