{"id":76013,"date":"2021-05-18T16:07:23","date_gmt":"2021-05-18T19:07:23","guid":{"rendered":"https:\/\/tvtecjundiai.com.br\/news\/?p=76013"},"modified":"2021-05-18T16:10:17","modified_gmt":"2021-05-18T19:10:17","slug":"covid-19-jundiai-reduz-idade-para-vacinacao-de-profissionais-de-saude-1","status":"publish","type":"post","link":"https:\/\/tvtecjundiai.com.br\/news\/2021\/05\/18\/covid-19-jundiai-reduz-idade-para-vacinacao-de-profissionais-de-saude-1\/","title":{"rendered":"COVID-19: Jundia\u00ed reduz idade para vacina\u00e7\u00e3o de profissionais de Sa\u00fade"},"content":{"rendered":"\n<p>A partir das 15h desta ter\u00e7a-feira (18), profissionais da Sa\u00fade (apoio ou com conselho de classe aut\u00f4nomos ou n\u00e3o) com 40 anos ou mais poder\u00e3o fazer o agendamento para receber a primeira dose de vacina contra a COVID-19. Abertura ser\u00e1 hoje, ter\u00e7a-feira (18), \u00e0s 15h, nos canais digitais (APP Jundia\u00ed e site). A aplica\u00e7\u00e3o ser\u00e1 entre os dias 19 e 21 de maio.<\/p>\n\n\n\n<p>O agendamento est\u00e1 liberado para profissionais que atuam no apoio dos estabelecimentos de Sa\u00fade com idade igual ou superior a 40 anos. No dia da vacina\u00e7\u00e3o devem apresentar comprovante de v\u00ednculo (carteira de trabalho ou contrato) e declara\u00e7\u00e3o detalhando a fun\u00e7\u00e3o com endere\u00e7o e CNPJ do estabelecimento.<\/p>\n\n\n\n<figure class=\"wp-block-image size-large\"><img loading=\"lazy\" decoding=\"async\" width=\"1200\" height=\"801\" src=\"https:\/\/tvtecjundiai.com.br\/news\/wp-content\/uploads\/sites\/2\/2021\/05\/vacina-influenza-profissionais-da-saude_ubs-jardim-do-lago-71-1-1200x801.jpg\" alt=\"\" class=\"wp-image-76014\" srcset=\"https:\/\/tvtecjundiai.com.br\/news\/wp-content\/uploads\/sites\/2\/2021\/05\/vacina-influenza-profissionais-da-saude_ubs-jardim-do-lago-71-1-1200x801.jpg 1200w, https:\/\/tvtecjundiai.com.br\/news\/wp-content\/uploads\/sites\/2\/2021\/05\/vacina-influenza-profissionais-da-saude_ubs-jardim-do-lago-71-1-300x200.jpg 300w, https:\/\/tvtecjundiai.com.br\/news\/wp-content\/uploads\/sites\/2\/2021\/05\/vacina-influenza-profissionais-da-saude_ubs-jardim-do-lago-71-1-768x512.jpg 768w, https:\/\/tvtecjundiai.com.br\/news\/wp-content\/uploads\/sites\/2\/2021\/05\/vacina-influenza-profissionais-da-saude_ubs-jardim-do-lago-71-1.jpg 1280w\" sizes=\"auto, (max-width: 1200px) 100vw, 1200px\" \/><figcaption>Vacina\u00e7\u00e3o ser\u00e1 aplicada a partir de amanh\u00e3, quarta-feira (19)<\/figcaption><\/figure>\n\n\n\n<p>Os profissionais de Sa\u00fade com conselho de classe e 40 anos ou mais, com ou sem v\u00ednculo com estabelecimento de Sa\u00fade devem apresentar carteira do conselho de classe, endere\u00e7o (residencial ou trabalho) de Jundia\u00ed.<\/p>\n\n\n\n<p>A cidade aguarda a recep\u00e7\u00e3o de mais doses para o atendimento \u00e0 demanda total de pessoas integrantes do grupo, conforme sinaliza\u00e7\u00e3o da Secretaria de Estado da Sa\u00fade (SES).<\/p>\n\n\n\n<p><em>(Texto\/Imagem: Prefeitura de Jundia\u00ed)<\/em><\/p>\n","protected":false},"excerpt":{"rendered":"<p>A partir desta ter\u00e7a-feira (18), profissionais da Sa\u00fade com 40 anos ou mais poder\u00e3o fazer o agendamento <\/p>\n","protected":false},"author":28,"featured_media":76017,"comment_status":"closed","ping_status":"closed","sticky":false,"template":"","format":"standard","meta":{"footnotes":""},"categories":[8356,1],"tags":[],"class_list":["post-76013","post","type-post","status-publish","format-standard","has-post-thumbnail","hentry","category-jundiai","category-noticias"],"_links":{"self":[{"href":"https:\/\/tvtecjundiai.com.br\/news\/wp-json\/wp\/v2\/posts\/76013","targetHints":{"allow":["GET"]}}],"collection":[{"href":"https:\/\/tvtecjundiai.com.br\/news\/wp-json\/wp\/v2\/posts"}],"about":[{"href":"https:\/\/tvtecjundiai.com.br\/news\/wp-json\/wp\/v2\/types\/post"}],"author":[{"embeddable":true,"href":"https:\/\/tvtecjundiai.com.br\/news\/wp-json\/wp\/v2\/users\/28"}],"replies":[{"embeddable":true,"href":"https:\/\/tvtecjundiai.com.br\/news\/wp-json\/wp\/v2\/comments?post=76013"}],"version-history":[{"count":1,"href":"https:\/\/tvtecjundiai.com.br\/news\/wp-json\/wp\/v2\/posts\/76013\/revisions"}],"predecessor-version":[{"id":76016,"href":"https:\/\/tvtecjundiai.com.br\/news\/wp-json\/wp\/v2\/posts\/76013\/revisions\/76016"}],"wp:featuredmedia":[{"embeddable":true,"href":"https:\/\/tvtecjundiai.com.br\/news\/wp-json\/wp\/v2\/media\/76017"}],"wp:attachment":[{"href":"https:\/\/tvtecjundiai.com.br\/news\/wp-json\/wp\/v2\/media?parent=76013"}],"wp:term":[{"taxonomy":"category","embeddable":true,"href":"https:\/\/tvtecjundiai.com.br\/news\/wp-json\/wp\/v2\/categories?post=76013"},{"taxonomy":"post_tag","embeddable":true,"href":"https:\/\/tvtecjundiai.com.br\/news\/wp-json\/wp\/v2\/tags?post=76013"}],"curies":[{"name":"wp","href":"https:\/\/api.w.org\/{rel}","templated":true}]}}