{"id":76033,"date":"2021-05-18T18:01:02","date_gmt":"2021-05-18T21:01:02","guid":{"rendered":"https:\/\/tvtecjundiai.com.br\/news\/?p=76033"},"modified":"2021-05-18T18:05:56","modified_gmt":"2021-05-18T21:05:56","slug":"prefeitura-de-jundiai-solta-nota-oficial-sobre-voa-sp-mata-ciliar","status":"publish","type":"post","link":"https:\/\/tvtecjundiai.com.br\/news\/2021\/05\/18\/prefeitura-de-jundiai-solta-nota-oficial-sobre-voa-sp-mata-ciliar\/","title":{"rendered":"Prefeitura de Jundia\u00ed solta nota oficial sobre Mata Ciliar"},"content":{"rendered":"\n<p>NOTA DA PREFEITURA DE JUNDIA\u00cd SOBRE AS \u00c1REAS DE PROPRIEDADE DO GOVERNO DO ESTADO DE SP UTILIZADAS PELA CONCESSION\u00c1RIA VOA SP E PELA ASSOCIA\u00c7\u00c3O MATA CILIAR.<\/p>\n\n\n\n<p>A Prefeitura de Jundia\u00ed entende que o prazo de 48 horas concedido pela Voa-SP para a Mata Ciliar remover os recintos que est\u00e3o instalados na gleba C, que faz parte da concess\u00e3o do Aeroporto Comandante Rolim Amaro (outorgada em 2016), n\u00e3o \u00e9 fact\u00edvel de ser executado e deve ser revisto pela concession\u00e1ria Voa-SP.<\/p>\n\n\n\n<p>Manifesta, ainda, que \u00e9 fundamental preservar a sa\u00fade, a seguran\u00e7a e o bem estar dos animais abrigados na Mata Ciliar, respons\u00e1vel pela recolha e atendimento de animais abandonados ou v\u00edtimas de acidentes na regi\u00e3o, principalmente ocasionados pela proximidade de vias e rodovias.<\/p>\n\n\n\n<p>A Prefeitura n\u00e3o s\u00f3 reconhece a import\u00e2ncia da Mata Ciliar na execu\u00e7\u00e3o de seu papel de refer\u00eancia regional para a fauna silvestre, mas apoia a entidade com valor mensal de R$ 64 mil, com o objetivo de prote\u00e7\u00e3o \u00e0 fauna local e incentivo \u00e0 educa\u00e7\u00e3o ambiental.<\/p>\n\n\n\n<p>Finalizando, a Administra\u00e7\u00e3o Municipal est\u00e1 \u00e0 disposi\u00e7\u00e3o para participar desta importante discuss\u00e3o com a Mata Ciliar, Voa-SP, Governo do Estado de S\u00e3o Paulo, Minist\u00e9rio P\u00fablico e outras institui\u00e7\u00f5es em busca de solu\u00e7\u00f5es duradouras e permanentes para a pol\u00edtica p\u00fablica de preserva\u00e7\u00e3o da fauna da nossa regi\u00e3o e da sustentabilidade das a\u00e7\u00f5es ambientais desenvolvidas em nosso territ\u00f3rio.<\/p>\n\n\n\n<p><em>(Texto: Prefeitura de Jundia\u00ed)<\/em><\/p>\n","protected":false},"excerpt":{"rendered":"<p>Confira o posicionamento oficial da Prefeitura em rela\u00e7\u00e3o \u00e0 Mata Ciliar<\/p>\n","protected":false},"author":28,"featured_media":74508,"comment_status":"closed","ping_status":"closed","sticky":false,"template":"","format":"standard","meta":{"footnotes":""},"categories":[8356,1],"tags":[],"class_list":["post-76033","post","type-post","status-publish","format-standard","has-post-thumbnail","hentry","category-jundiai","category-noticias"],"_links":{"self":[{"href":"https:\/\/tvtecjundiai.com.br\/news\/wp-json\/wp\/v2\/posts\/76033","targetHints":{"allow":["GET"]}}],"collection":[{"href":"https:\/\/tvtecjundiai.com.br\/news\/wp-json\/wp\/v2\/posts"}],"about":[{"href":"https:\/\/tvtecjundiai.com.br\/news\/wp-json\/wp\/v2\/types\/post"}],"author":[{"embeddable":true,"href":"https:\/\/tvtecjundiai.com.br\/news\/wp-json\/wp\/v2\/users\/28"}],"replies":[{"embeddable":true,"href":"https:\/\/tvtecjundiai.com.br\/news\/wp-json\/wp\/v2\/comments?post=76033"}],"version-history":[{"count":2,"href":"https:\/\/tvtecjundiai.com.br\/news\/wp-json\/wp\/v2\/posts\/76033\/revisions"}],"predecessor-version":[{"id":76036,"href":"https:\/\/tvtecjundiai.com.br\/news\/wp-json\/wp\/v2\/posts\/76033\/revisions\/76036"}],"wp:featuredmedia":[{"embeddable":true,"href":"https:\/\/tvtecjundiai.com.br\/news\/wp-json\/wp\/v2\/media\/74508"}],"wp:attachment":[{"href":"https:\/\/tvtecjundiai.com.br\/news\/wp-json\/wp\/v2\/media?parent=76033"}],"wp:term":[{"taxonomy":"category","embeddable":true,"href":"https:\/\/tvtecjundiai.com.br\/news\/wp-json\/wp\/v2\/categories?post=76033"},{"taxonomy":"post_tag","embeddable":true,"href":"https:\/\/tvtecjundiai.com.br\/news\/wp-json\/wp\/v2\/tags?post=76033"}],"curies":[{"name":"wp","href":"https:\/\/api.w.org\/{rel}","templated":true}]}}