{"id":76037,"date":"2021-05-19T09:27:25","date_gmt":"2021-05-19T12:27:25","guid":{"rendered":"https:\/\/tvtecjundiai.com.br\/news\/?p=76037"},"modified":"2021-05-19T09:27:25","modified_gmt":"2021-05-19T12:27:25","slug":"vacinacao-contra-gripe-segue-com-agendamento-e-aplicacoes-em-jundiai","status":"publish","type":"post","link":"https:\/\/tvtecjundiai.com.br\/news\/2021\/05\/19\/vacinacao-contra-gripe-segue-com-agendamento-e-aplicacoes-em-jundiai\/","title":{"rendered":"Vacina\u00e7\u00e3o contra gripe segue com agendamento e aplica\u00e7\u00f5es em Jundia\u00ed"},"content":{"rendered":"\n<p>Iniciada no dia 11 de abril, a Campanha Nacional de Vacina\u00e7\u00e3o contra a Influenza (gripe) segue em Jundia\u00ed a todo vapor. Com organiza\u00e7\u00e3o espec\u00edfica para cada grupo, a aplica\u00e7\u00e3o para os idosos com 60 anos ou mais contou com a aplica\u00e7\u00e3o em sistema drive-thru, nesta ter\u00e7a-feira (18), no Parque da Uva. Desde o dia 15, com a inclus\u00e3o da fase dos idosos, Jundia\u00ed j\u00e1 aplicou 46.267 vacinas contra o v\u00edrus da influenza \u2013 at\u00e9 o \u00faltimo boletim divulgado. Nesta ter\u00e7a-feira (18), mais agendas foram abertas para a aplica\u00e7\u00e3o \u00e0 popula\u00e7\u00e3o com 60 anos ou mais.<\/p>\n\n\n\n<p>Maria In\u00eas Camargo foi tomar a dose de vacina contra a gripe no Parque da Uva. \u201cTodos os anos eu tomo. Precisa, faz bem\u201d, comenta mulher que j\u00e1 tomou as duas doses de vacina contra a COVID-19.<\/p>\n\n\n\n<figure class=\"wp-block-image size-large\"><img loading=\"lazy\" decoding=\"async\" width=\"1200\" height=\"898\" src=\"https:\/\/tvtecjundiai.com.br\/news\/wp-content\/uploads\/sites\/2\/2021\/05\/img-20210518-wa0084-1200x898.jpg\" alt=\"\" class=\"wp-image-76038\" srcset=\"https:\/\/tvtecjundiai.com.br\/news\/wp-content\/uploads\/sites\/2\/2021\/05\/img-20210518-wa0084-1200x898.jpg 1200w, https:\/\/tvtecjundiai.com.br\/news\/wp-content\/uploads\/sites\/2\/2021\/05\/img-20210518-wa0084-300x225.jpg 300w, https:\/\/tvtecjundiai.com.br\/news\/wp-content\/uploads\/sites\/2\/2021\/05\/img-20210518-wa0084-768x575.jpg 768w, https:\/\/tvtecjundiai.com.br\/news\/wp-content\/uploads\/sites\/2\/2021\/05\/img-20210518-wa0084.jpg 1280w\" sizes=\"auto, (max-width: 1200px) 100vw, 1200px\" \/><figcaption>Maria In\u00eas se vacina contra a gripe todos os anos<\/figcaption><\/figure>\n\n\n\n<p>Quem tomou vacina contra COVID-19 entre 26 de fevereiro a 6 de mar\u00e7o (AstraZeneca) ou de 24 a 27 de abril (Coronavac) n\u00e3o deve agendar a vacina de Influenza. No dia da vacina\u00e7\u00e3o \u00e9 necess\u00e1rio levar documento com foto e comprovante de resid\u00eancia.<\/p>\n\n\n\n<p>Al\u00e9m do atendimento no drive-thru \u2013 que teve agendamento realizado pelos canais digitais da Prefeitura de Jundia\u00ed -, a aplica\u00e7\u00e3o tamb\u00e9m \u00e9 realizada em idosos acamados em suas resid\u00eancias pelas equipes das Unidades B\u00e1sicas de Sa\u00fade (UBS). \u201cAssim como nas demais situa\u00e7\u00f5es de vacina\u00e7\u00e3o para o p\u00fablico acamado ou com mobilidade reduzida, as equipes v\u00e3o at\u00e9 o usu\u00e1rio para facilitar o acesso \u00e0 dose, garantindo a qualidade e o cuidado no atendimento. Para isso, basta entrar em contato com a equipe de refer\u00eancia para a organiza\u00e7\u00e3o da aplica\u00e7\u00e3o\u201d, comenta a diretora de Aten\u00e7\u00e3o B\u00e1sica da Unidade de Gest\u00e3o de Promo\u00e7\u00e3o da Sa\u00fade (UGPS), Andreia Pinto de Souza.<\/p>\n\n\n\n<div class=\"wp-block-image\"><figure class=\"aligncenter size-large\"><img loading=\"lazy\" decoding=\"async\" width=\"1200\" height=\"800\" src=\"https:\/\/tvtecjundiai.com.br\/news\/wp-content\/uploads\/sites\/2\/2021\/05\/vacinacao_influenza_acamados-39-1200x800.jpg\" alt=\"\" class=\"wp-image-76039\" srcset=\"https:\/\/tvtecjundiai.com.br\/news\/wp-content\/uploads\/sites\/2\/2021\/05\/vacinacao_influenza_acamados-39-1200x800.jpg 1200w, https:\/\/tvtecjundiai.com.br\/news\/wp-content\/uploads\/sites\/2\/2021\/05\/vacinacao_influenza_acamados-39-300x200.jpg 300w, https:\/\/tvtecjundiai.com.br\/news\/wp-content\/uploads\/sites\/2\/2021\/05\/vacinacao_influenza_acamados-39-768x512.jpg 768w, https:\/\/tvtecjundiai.com.br\/news\/wp-content\/uploads\/sites\/2\/2021\/05\/vacinacao_influenza_acamados-39.jpg 1280w\" sizes=\"auto, (max-width: 1200px) 100vw, 1200px\" \/><figcaption>Vacina\u00e7\u00e3o contra Influenza \u00e9 feita em acamados e com mobilidade reduzida pelas equipes das UBSs<\/figcaption><\/figure><\/div>\n\n\n\n<p><strong>Mais p\u00fablicos<br><\/strong>Al\u00e9m dos idosos, a vacina\u00e7\u00e3o est\u00e1 sendo oferecida para os grupos abaixo, como segue o calend\u00e1rio:<\/p>\n\n\n\n<p><strong>Crian\u00e7as entre 6 meses e menores de 6 anos<\/strong><br>Demanda Livre nas UBS (exceto Nova UBS Jardim do Lago, antiga UBS Jardim do Lago, UBS Marlene\/Hortol\u00e2ndia, Cl\u00ednica da Fam\u00edlia Novo Horizonte)<br>Aplica\u00e7\u00e3o: de segunda a sexta-feira, em hor\u00e1rio de funcionamento do equipamento.<br>Levar: documento com foto e comprovante de resid\u00eancia<\/p>\n\n\n\n<p><strong>Gestantes e Pu\u00e9rperas (at\u00e9 45 dias ap\u00f3s o parto)<br><\/strong>Demanda Livre nas UBS (exceto Nova UBS Jardim do Lago, antiga UBS Jardim do Lago, UBS Marlene\/Hortol\u00e2ndia, Cl\u00ednica da Fam\u00edlia Novo Horizonte)<br>Aplica\u00e7\u00e3o: de segunda a sexta-feira, em hor\u00e1rio de funcionamento do equipamento.<br>* Gestantes e pu\u00e9rperas com comorbidades devem priorizar a vacina contra COVID-19.<br>Levar: documento com foto, comprovante de resid\u00eancia, comprova\u00e7\u00e3o do estado gestacional (gestantes) ou certid\u00e3o de nascimento da crian\u00e7a (pu\u00e9rperas)<\/p>\n\n\n\n<p><strong>Professores<\/strong><br>Demanda Livre nas UBS (exceto Nova UBS Jardim do Lago, antiga UBS Jardim do Lago, UBS Marlene\/Hortol\u00e2ndia, Cl\u00ednica da Fam\u00edlia Novo Horizonte)<br>Aplica\u00e7\u00e3o: de segunda a sexta-feira, em hor\u00e1rio de funcionamento do equipamento.<br>Levar: comprovante de profiss\u00e3o, documento com foto, CPF e comprovante de resid\u00eancia.<\/p>\n\n\n\n<p><em>(Fonte\/Imagem: Prefeitura de Jundia\u00ed)<\/em><\/p>\n","protected":false},"excerpt":{"rendered":"<p>Desde o dia 15, com a inclus\u00e3o da fase dos idosos, Jundia\u00ed j\u00e1 aplicou 46.267 vacinas contra o v\u00edrus da influenza<\/p>\n","protected":false},"author":25,"featured_media":76038,"comment_status":"closed","ping_status":"closed","sticky":false,"template":"","format":"standard","meta":{"footnotes":""},"categories":[1,2839],"tags":[],"class_list":["post-76037","post","type-post","status-publish","format-standard","has-post-thumbnail","hentry","category-noticias","category-saude"],"_links":{"self":[{"href":"https:\/\/tvtecjundiai.com.br\/news\/wp-json\/wp\/v2\/posts\/76037","targetHints":{"allow":["GET"]}}],"collection":[{"href":"https:\/\/tvtecjundiai.com.br\/news\/wp-json\/wp\/v2\/posts"}],"about":[{"href":"https:\/\/tvtecjundiai.com.br\/news\/wp-json\/wp\/v2\/types\/post"}],"author":[{"embeddable":true,"href":"https:\/\/tvtecjundiai.com.br\/news\/wp-json\/wp\/v2\/users\/25"}],"replies":[{"embeddable":true,"href":"https:\/\/tvtecjundiai.com.br\/news\/wp-json\/wp\/v2\/comments?post=76037"}],"version-history":[{"count":1,"href":"https:\/\/tvtecjundiai.com.br\/news\/wp-json\/wp\/v2\/posts\/76037\/revisions"}],"predecessor-version":[{"id":76044,"href":"https:\/\/tvtecjundiai.com.br\/news\/wp-json\/wp\/v2\/posts\/76037\/revisions\/76044"}],"wp:featuredmedia":[{"embeddable":true,"href":"https:\/\/tvtecjundiai.com.br\/news\/wp-json\/wp\/v2\/media\/76038"}],"wp:attachment":[{"href":"https:\/\/tvtecjundiai.com.br\/news\/wp-json\/wp\/v2\/media?parent=76037"}],"wp:term":[{"taxonomy":"category","embeddable":true,"href":"https:\/\/tvtecjundiai.com.br\/news\/wp-json\/wp\/v2\/categories?post=76037"},{"taxonomy":"post_tag","embeddable":true,"href":"https:\/\/tvtecjundiai.com.br\/news\/wp-json\/wp\/v2\/tags?post=76037"}],"curies":[{"name":"wp","href":"https:\/\/api.w.org\/{rel}","templated":true}]}}