{"id":76040,"date":"2021-05-19T09:16:53","date_gmt":"2021-05-19T12:16:53","guid":{"rendered":"https:\/\/tvtecjundiai.com.br\/news\/?p=76040"},"modified":"2021-05-19T09:20:35","modified_gmt":"2021-05-19T12:20:35","slug":"vacinacao-covid-19-para-motoristas-e-cobradores-e-restrita-para-trabalhadores-na-capital","status":"publish","type":"post","link":"https:\/\/tvtecjundiai.com.br\/news\/2021\/05\/19\/vacinacao-covid-19-para-motoristas-e-cobradores-e-restrita-para-trabalhadores-na-capital\/","title":{"rendered":"Vacina\u00e7\u00e3o COVID-19 para motoristas e cobradores \u00e9 restrita para trabalhadores da capital"},"content":{"rendered":"\n<p>A partir de ter\u00e7a-feira (18), a Unidade B\u00e1sica de Sa\u00fade (UBS) Anhangaba\u00fa passou a ser o ponto para a vacina\u00e7\u00e3o contra a COVID-19 para os motoristas e os cobradores do transporte p\u00fablico da Capital e que moram em Jundia\u00ed.<\/p>\n\n\n\n<p>A cidade, assim como os demais munic\u00edpios paulistas, ainda n\u00e3o tem previs\u00e3o para a recep\u00e7\u00e3o de doses para a aplica\u00e7\u00e3o aos trabalhadores das categorias e que atuem no munic\u00edpio.<\/p>\n\n\n\n<p>De acordo com o gestor da UGPS, Tiago Texera, \u00e9 aguardada manifesta\u00e7\u00e3o do Governo do Estado sobre o tema, ainda nesta semana.<\/p>\n\n\n\n<div class=\"wp-block-image\"><figure class=\"aligncenter size-large\"><img loading=\"lazy\" decoding=\"async\" width=\"1200\" height=\"800\" src=\"https:\/\/tvtecjundiai.com.br\/news\/wp-content\/uploads\/sites\/2\/2021\/05\/vacinacao_comorbidades_50_dal_santo-65-1200x800.jpg\" alt=\"\" class=\"wp-image-76041\" srcset=\"https:\/\/tvtecjundiai.com.br\/news\/wp-content\/uploads\/sites\/2\/2021\/05\/vacinacao_comorbidades_50_dal_santo-65-1200x800.jpg 1200w, https:\/\/tvtecjundiai.com.br\/news\/wp-content\/uploads\/sites\/2\/2021\/05\/vacinacao_comorbidades_50_dal_santo-65-300x200.jpg 300w, https:\/\/tvtecjundiai.com.br\/news\/wp-content\/uploads\/sites\/2\/2021\/05\/vacinacao_comorbidades_50_dal_santo-65-768x512.jpg 768w, https:\/\/tvtecjundiai.com.br\/news\/wp-content\/uploads\/sites\/2\/2021\/05\/vacinacao_comorbidades_50_dal_santo-65.jpg 1280w\" sizes=\"auto, (max-width: 1200px) 100vw, 1200px\" \/><figcaption>Aplica\u00e7\u00e3o para motoristas e cobradores \u00e9 espec\u00edfica para trabalhadores do transporte p\u00fablico da Capital e registrados pela empresa<\/figcaption><\/figure><\/div>\n\n\n\n<p><em>(Fonte\/Imagem: Prefeitura de Jundia\u00ed)<\/em><\/p>\n","protected":false},"excerpt":{"rendered":"<p>A cidade ainda n\u00e3o tem previs\u00e3o para a recep\u00e7\u00e3o de doses para este p\u00fablico<\/p>\n","protected":false},"author":25,"featured_media":76041,"comment_status":"closed","ping_status":"closed","sticky":false,"template":"","format":"standard","meta":{"footnotes":""},"categories":[1,2839],"tags":[],"class_list":["post-76040","post","type-post","status-publish","format-standard","has-post-thumbnail","hentry","category-noticias","category-saude"],"_links":{"self":[{"href":"https:\/\/tvtecjundiai.com.br\/news\/wp-json\/wp\/v2\/posts\/76040","targetHints":{"allow":["GET"]}}],"collection":[{"href":"https:\/\/tvtecjundiai.com.br\/news\/wp-json\/wp\/v2\/posts"}],"about":[{"href":"https:\/\/tvtecjundiai.com.br\/news\/wp-json\/wp\/v2\/types\/post"}],"author":[{"embeddable":true,"href":"https:\/\/tvtecjundiai.com.br\/news\/wp-json\/wp\/v2\/users\/25"}],"replies":[{"embeddable":true,"href":"https:\/\/tvtecjundiai.com.br\/news\/wp-json\/wp\/v2\/comments?post=76040"}],"version-history":[{"count":2,"href":"https:\/\/tvtecjundiai.com.br\/news\/wp-json\/wp\/v2\/posts\/76040\/revisions"}],"predecessor-version":[{"id":76043,"href":"https:\/\/tvtecjundiai.com.br\/news\/wp-json\/wp\/v2\/posts\/76040\/revisions\/76043"}],"wp:featuredmedia":[{"embeddable":true,"href":"https:\/\/tvtecjundiai.com.br\/news\/wp-json\/wp\/v2\/media\/76041"}],"wp:attachment":[{"href":"https:\/\/tvtecjundiai.com.br\/news\/wp-json\/wp\/v2\/media?parent=76040"}],"wp:term":[{"taxonomy":"category","embeddable":true,"href":"https:\/\/tvtecjundiai.com.br\/news\/wp-json\/wp\/v2\/categories?post=76040"},{"taxonomy":"post_tag","embeddable":true,"href":"https:\/\/tvtecjundiai.com.br\/news\/wp-json\/wp\/v2\/tags?post=76040"}],"curies":[{"name":"wp","href":"https:\/\/api.w.org\/{rel}","templated":true}]}}