{"id":76045,"date":"2021-05-19T09:44:32","date_gmt":"2021-05-19T12:44:32","guid":{"rendered":"https:\/\/tvtecjundiai.com.br\/news\/?p=76045"},"modified":"2021-05-19T09:46:47","modified_gmt":"2021-05-19T12:46:47","slug":"vacinados-contra-a-covid-19-chegam-a-399-milhoes-no-brasil-1","status":"publish","type":"post","link":"https:\/\/tvtecjundiai.com.br\/news\/2021\/05\/19\/vacinados-contra-a-covid-19-chegam-a-399-milhoes-no-brasil-1\/","title":{"rendered":"Vacinados contra a COVID-19 chegam a 39,9 milh\u00f5es no Brasil"},"content":{"rendered":"\n<p>O n\u00famero de pessoas vacinadas com ao menos uma dose contra a\u00a0COVID-19 no Brasil chegou nesta ter\u00e7a-feira (18), a 39.897.840, o equivalente a 18,84% da popula\u00e7\u00e3o total. Nas \u00faltimas 24 horas, 634.424 pessoas receberam a vacina, de acordo com dados reunidos pelo cons\u00f3rcio de ve\u00edculos de imprensa junto a secretarias de 26 Estados e Distrito Federal.<\/p>\n\n\n\n<p>Entre os quase 40 milh\u00f5es de vacinados, 19.711.628 receberam a segunda dose, o que representa 9,31% da popula\u00e7\u00e3o com a vacina\u00e7\u00e3o completa contra o novo coronav\u00edrus. Nas \u00faltimas 24 horas, 288.068 pessoas receberam essa dose de refor\u00e7o. Somando as vacinas de primeira e segunda dose aplicadas, o Brasil aplicou 922.492 imunizantes nesta quarta-feira.<\/p>\n\n\n\n<div class=\"wp-block-image\"><figure class=\"aligncenter size-large\"><img loading=\"lazy\" decoding=\"async\" width=\"1200\" height=\"801\" src=\"https:\/\/tvtecjundiai.com.br\/news\/wp-content\/uploads\/sites\/2\/2021\/05\/181550075_5487568477983082_1751287000723149426_n-1200x801.jpg\" alt=\"\" class=\"wp-image-76048\" srcset=\"https:\/\/tvtecjundiai.com.br\/news\/wp-content\/uploads\/sites\/2\/2021\/05\/181550075_5487568477983082_1751287000723149426_n-1200x801.jpg 1200w, https:\/\/tvtecjundiai.com.br\/news\/wp-content\/uploads\/sites\/2\/2021\/05\/181550075_5487568477983082_1751287000723149426_n-300x200.jpg 300w, https:\/\/tvtecjundiai.com.br\/news\/wp-content\/uploads\/sites\/2\/2021\/05\/181550075_5487568477983082_1751287000723149426_n-768x512.jpg 768w, https:\/\/tvtecjundiai.com.br\/news\/wp-content\/uploads\/sites\/2\/2021\/05\/181550075_5487568477983082_1751287000723149426_n.jpg 1280w\" sizes=\"auto, (max-width: 1200px) 100vw, 1200px\" \/><\/figure><\/div>\n\n\n\n<p>Em termos proporcionais, o Rio Grande do Sul \u00e9 o Estado que mais vacinou sua popula\u00e7\u00e3o at\u00e9 aqui: 24,29% dos habitantes receberam ao menos a primeira dose. A porcentagem mais baixa \u00e9 encontrada em Roraima, onde 11,82% receberam a vacina. Em n\u00fameros absolutos, o maior n\u00famero de vacinados com a primeira dose est\u00e1 em S\u00e3o Paulo (9,88 milh\u00f5es), seguido por Minas Gerais (4,20 milh\u00f5es) e Bahia (3,02 milh\u00f5es).<\/p>\n\n\n\n<p><em>(Fonte: Estad\u00e3o\/Imagem: Prefeitura de Jundia\u00ed)<\/em><\/p>\n","protected":false},"excerpt":{"rendered":"<p>O n\u00famero equivale a 18,84% da popula\u00e7\u00e3o brasileira<\/p>\n","protected":false},"author":25,"featured_media":76048,"comment_status":"closed","ping_status":"closed","sticky":false,"template":"","format":"standard","meta":{"footnotes":""},"categories":[29,1,2839],"tags":[],"class_list":["post-76045","post","type-post","status-publish","format-standard","has-post-thumbnail","hentry","category-destaque","category-noticias","category-saude"],"_links":{"self":[{"href":"https:\/\/tvtecjundiai.com.br\/news\/wp-json\/wp\/v2\/posts\/76045","targetHints":{"allow":["GET"]}}],"collection":[{"href":"https:\/\/tvtecjundiai.com.br\/news\/wp-json\/wp\/v2\/posts"}],"about":[{"href":"https:\/\/tvtecjundiai.com.br\/news\/wp-json\/wp\/v2\/types\/post"}],"author":[{"embeddable":true,"href":"https:\/\/tvtecjundiai.com.br\/news\/wp-json\/wp\/v2\/users\/25"}],"replies":[{"embeddable":true,"href":"https:\/\/tvtecjundiai.com.br\/news\/wp-json\/wp\/v2\/comments?post=76045"}],"version-history":[{"count":3,"href":"https:\/\/tvtecjundiai.com.br\/news\/wp-json\/wp\/v2\/posts\/76045\/revisions"}],"predecessor-version":[{"id":76050,"href":"https:\/\/tvtecjundiai.com.br\/news\/wp-json\/wp\/v2\/posts\/76045\/revisions\/76050"}],"wp:featuredmedia":[{"embeddable":true,"href":"https:\/\/tvtecjundiai.com.br\/news\/wp-json\/wp\/v2\/media\/76048"}],"wp:attachment":[{"href":"https:\/\/tvtecjundiai.com.br\/news\/wp-json\/wp\/v2\/media?parent=76045"}],"wp:term":[{"taxonomy":"category","embeddable":true,"href":"https:\/\/tvtecjundiai.com.br\/news\/wp-json\/wp\/v2\/categories?post=76045"},{"taxonomy":"post_tag","embeddable":true,"href":"https:\/\/tvtecjundiai.com.br\/news\/wp-json\/wp\/v2\/tags?post=76045"}],"curies":[{"name":"wp","href":"https:\/\/api.w.org\/{rel}","templated":true}]}}