{"id":76051,"date":"2021-05-19T11:24:15","date_gmt":"2021-05-19T14:24:15","guid":{"rendered":"https:\/\/tvtecjundiai.com.br\/news\/?p=76051"},"modified":"2021-05-19T11:24:15","modified_gmt":"2021-05-19T14:24:15","slug":"governo-de-sp-entrega-185-rgs-para-alunos-de-escola-estadual-de-jundiai","status":"publish","type":"post","link":"https:\/\/tvtecjundiai.com.br\/news\/2021\/05\/19\/governo-de-sp-entrega-185-rgs-para-alunos-de-escola-estadual-de-jundiai\/","title":{"rendered":"Governo de SP entrega 185 RGs para alunos de escola estadual de Jundia\u00ed"},"content":{"rendered":"\n<p>O secret\u00e1rio executivo da Educa\u00e7\u00e3o, Haroldo Rocha, acompanhou nesta ter\u00e7a-feira (18), a emiss\u00e3o de RGs para alunos da Escola Estadual Rafael Mauro, em Jundia\u00ed. Os estudantes beneficiados ainda n\u00e3o possu\u00edam o documento. A iniciativa faz parte de um acordo de colabora\u00e7\u00e3o entre a Secretaria Estadual da Educa\u00e7\u00e3o e a Secretaria de Seguran\u00e7a P\u00fablica do Estado.<\/p>\n\n\n\n<p>\u201cTemos crian\u00e7as de v\u00e1rias idades aqui na escola, que precisam do documento para in\u00fameras a\u00e7\u00f5es. \u00c9 importante que as fam\u00edlias tenham a consci\u00eancia sobre a import\u00e2ncia desse documento, que ser\u00e1 disponibilizado de forma digital hoje mesmo e entregue de forma f\u00edsica aqui pela escola em alguns dias\u201d, explicou Rocha.<\/p>\n\n\n\n<div class=\"wp-block-image\"><figure class=\"aligncenter size-large\"><img loading=\"lazy\" decoding=\"async\" width=\"1032\" height=\"581\" src=\"https:\/\/tvtecjundiai.com.br\/news\/wp-content\/uploads\/sites\/2\/2021\/05\/Image.jpeg\" alt=\"\" class=\"wp-image-76052\" srcset=\"https:\/\/tvtecjundiai.com.br\/news\/wp-content\/uploads\/sites\/2\/2021\/05\/Image.jpeg 1032w, https:\/\/tvtecjundiai.com.br\/news\/wp-content\/uploads\/sites\/2\/2021\/05\/Image-300x169.jpeg 300w, https:\/\/tvtecjundiai.com.br\/news\/wp-content\/uploads\/sites\/2\/2021\/05\/Image-768x432.jpeg 768w\" sizes=\"auto, (max-width: 1032px) 100vw, 1032px\" \/><figcaption>A a\u00e7\u00e3o aconteceu na Escola Estadual Rafael Mauro<\/figcaption><\/figure><\/div>\n\n\n\n<p>Ao todo, pelo menos 185 alunos foram beneficiados e puderam emitir seus documentos. Para a Dirigente Regional de Ensino de Jundia\u00ed, Valdete Ramos de Oliveira Melo, este \u00e9 um ato que traz, al\u00e9m de tudo, mais cidadania aos estudantes. \u201cJ\u00e1 tivemos casos de alunos que, na hora de se inscrever para uma prova importante como o Enem, por exemplo, n\u00e3o tinham o documento e n\u00e3o podiam realizar o exame que os levaria para uma faculdade. Oferecer essa oportunidade para eles \u00e9 fundamental\u201d, disse ela.<\/p>\n\n\n\n<p>&#8220;O RG \u00e9 importante pra eu poder sair na rua e, quando precisar entrar em algum lugar, ter o documento para apresentar&#8221;, declarou a estudante Gabriela Vict\u00f3ria, de 14 anos.<\/p>\n\n\n\n<p>&#8220;Essa iniciativa foi muito legal, porque a gente estava tentando de outras formas e n\u00e3o estava conseguindo. Eu estava preocupada, porque ela ainda n\u00e3o tinha RG, o que estava dificultando tamb\u00e9m dar andamento em outras quest\u00f5es&#8221;, relatou Tatiane Aparecida, m\u00e3e da aluna.<\/p>\n\n\n\n<p><strong>Visitas a escolas<\/strong><\/p>\n\n\n\n<p>Durante a passagem pela cidade, Haroldo tamb\u00e9m visitou as escolas Professora Maria Jos\u00e9 Maia de Toledo e Professora Joceny Villela Curado, al\u00e9m da nova sede da Diretoria de Ensino. \u201cVer de perto o trabalho das escolas inspira e incentiva o nosso trabalho de continuar fazendo a diferen\u00e7a na vida dos estudantes\u201d, complementou Haroldo.<\/p>\n\n\n\n<p><strong>Sobre o CONVIVA<\/strong><\/p>\n\n\n\n<p>O programa da Seduc-SP objetiva a melhoria da aprendizagem, por meio da promo\u00e7\u00e3o de um ambiente solid\u00e1rio, colaborativo, acolhedor e seguro nas escolas. Visa identificar vulnerabilidades de cada unidade escolar para a implementa\u00e7\u00e3o de Planos de Melhoria da Conviv\u00eancia, al\u00e9m de atrelar a\u00e7\u00f5es proativas de seguran\u00e7a, articular a participa\u00e7\u00e3o ativa da fam\u00edlia na vida escolar dos estudantes da rede de ensino estadual e ofertar a\u00e7\u00f5es de servi\u00e7o de assist\u00eancia e sa\u00fade mental.<\/p>\n\n\n\n<p><em>(Fonte\/Imagem: Secretaria da Educa\u00e7\u00e3o do Estado de S\u00e3o Paulo)<\/em><\/p>\n","protected":false},"excerpt":{"rendered":"<p>A a\u00e7\u00e3o aconteceu na Escola Estadual Rafael Mauro<\/p>\n","protected":false},"author":25,"featured_media":76052,"comment_status":"closed","ping_status":"closed","sticky":false,"template":"","format":"standard","meta":{"footnotes":""},"categories":[2828,1],"tags":[],"class_list":["post-76051","post","type-post","status-publish","format-standard","has-post-thumbnail","hentry","category-educacao","category-noticias"],"_links":{"self":[{"href":"https:\/\/tvtecjundiai.com.br\/news\/wp-json\/wp\/v2\/posts\/76051","targetHints":{"allow":["GET"]}}],"collection":[{"href":"https:\/\/tvtecjundiai.com.br\/news\/wp-json\/wp\/v2\/posts"}],"about":[{"href":"https:\/\/tvtecjundiai.com.br\/news\/wp-json\/wp\/v2\/types\/post"}],"author":[{"embeddable":true,"href":"https:\/\/tvtecjundiai.com.br\/news\/wp-json\/wp\/v2\/users\/25"}],"replies":[{"embeddable":true,"href":"https:\/\/tvtecjundiai.com.br\/news\/wp-json\/wp\/v2\/comments?post=76051"}],"version-history":[{"count":1,"href":"https:\/\/tvtecjundiai.com.br\/news\/wp-json\/wp\/v2\/posts\/76051\/revisions"}],"predecessor-version":[{"id":76053,"href":"https:\/\/tvtecjundiai.com.br\/news\/wp-json\/wp\/v2\/posts\/76051\/revisions\/76053"}],"wp:featuredmedia":[{"embeddable":true,"href":"https:\/\/tvtecjundiai.com.br\/news\/wp-json\/wp\/v2\/media\/76052"}],"wp:attachment":[{"href":"https:\/\/tvtecjundiai.com.br\/news\/wp-json\/wp\/v2\/media?parent=76051"}],"wp:term":[{"taxonomy":"category","embeddable":true,"href":"https:\/\/tvtecjundiai.com.br\/news\/wp-json\/wp\/v2\/categories?post=76051"},{"taxonomy":"post_tag","embeddable":true,"href":"https:\/\/tvtecjundiai.com.br\/news\/wp-json\/wp\/v2\/tags?post=76051"}],"curies":[{"name":"wp","href":"https:\/\/api.w.org\/{rel}","templated":true}]}}