{"id":76054,"date":"2021-05-19T13:24:15","date_gmt":"2021-05-19T16:24:15","guid":{"rendered":"https:\/\/tvtecjundiai.com.br\/news\/?p=76054"},"modified":"2021-05-19T13:24:15","modified_gmt":"2021-05-19T16:24:15","slug":"nova-flexibilizacao-comercio-de-sp-pode-funcionar-ate-as-22h-a-partir-de-1o-de-junho","status":"publish","type":"post","link":"https:\/\/tvtecjundiai.com.br\/news\/2021\/05\/19\/nova-flexibilizacao-comercio-de-sp-pode-funcionar-ate-as-22h-a-partir-de-1o-de-junho\/","title":{"rendered":"Nova flexibiliza\u00e7\u00e3o: com\u00e9rcio de SP pode funcionar at\u00e9 \u00e0s 22h a partir de 1\u00ba de junho"},"content":{"rendered":"\n<p>O governo de S\u00e3o Paulo anunciou nesta quarta-feira (19) que o estado ter\u00e1 nova flexibiliza\u00e7\u00e3o da quarentena contra o coronav\u00edrus a partir do dia 1\u00ba de junho, com amplia\u00e7\u00e3o do hor\u00e1rio de funcionamento de estabelecimentos comerciais at\u00e9 22h.<\/p>\n\n\n\n<p>O estado de S\u00e3o Paulo est\u00e1, desde 18 de abril, na chamada \u201cfase de transi\u00e7\u00e3o\u201d do Plano S\u00e3o Paulo, que regula o funcionamento dos setores da economia.<\/p>\n\n\n\n<p>Esta fase, criada para representar uma etapa transit\u00f3ria da fase emergencial, a mais rigorosa da quarentena, n\u00e3o considera os \u00edndices da pandemia no estado, e foi flexibilizada em diversas ocasi\u00f5es. Se os indicadores fossem analisados, a maior parte da popula\u00e7\u00e3o do estado estaria na chamada fase vermelha.<\/p>\n\n\n\n<figure class=\"wp-block-image size-large\"><img loading=\"lazy\" decoding=\"async\" width=\"1200\" height=\"801\" src=\"https:\/\/tvtecjundiai.com.br\/news\/wp-content\/uploads\/sites\/2\/2021\/05\/movimentacao-de-pessoas-no-calcadao-do-centro_c_-34-1280x854-1-1200x801.jpg\" alt=\"\" class=\"wp-image-75046\" srcset=\"https:\/\/tvtecjundiai.com.br\/news\/wp-content\/uploads\/sites\/2\/2021\/05\/movimentacao-de-pessoas-no-calcadao-do-centro_c_-34-1280x854-1-1200x801.jpg 1200w, https:\/\/tvtecjundiai.com.br\/news\/wp-content\/uploads\/sites\/2\/2021\/05\/movimentacao-de-pessoas-no-calcadao-do-centro_c_-34-1280x854-1-300x200.jpg 300w, https:\/\/tvtecjundiai.com.br\/news\/wp-content\/uploads\/sites\/2\/2021\/05\/movimentacao-de-pessoas-no-calcadao-do-centro_c_-34-1280x854-1-768x512.jpg 768w, https:\/\/tvtecjundiai.com.br\/news\/wp-content\/uploads\/sites\/2\/2021\/05\/movimentacao-de-pessoas-no-calcadao-do-centro_c_-34-1280x854-1.jpg 1280w\" sizes=\"auto, (max-width: 1200px) 100vw, 1200px\" \/><figcaption>A partir de 1\u00ba de junho, com\u00e9rcio no Estado de SP poder\u00e1 funcionar at\u00e9 \u00e0s 22h<\/figcaption><\/figure>\n\n\n\n<p>No dia 7 de maio, a gest\u00e3o Jo\u00e3o Doria (PSDB) j\u00e1 havia relaxado as regras para permitir funcionamento de com\u00e9rcio e servi\u00e7os at\u00e9 21h e a capacidade dos estabelecimentos para 30% de ocupa\u00e7\u00e3o.<\/p>\n\n\n\n<p>Nesta segunda, a capacidade dos estabelecimentos foi ampliada para 40% na fase de transi\u00e7\u00e3o.<\/p>\n\n\n\n<p><em>(Texto: G1\/Imagem: TVTEC)<\/em><\/p>\n","protected":false},"excerpt":{"rendered":"<p>Governo de S\u00e3o Paulo anunciou nesta quarta-feira (19) que estado ter\u00e1 nova flexibiliza\u00e7\u00e3o da quarentena<\/p>\n","protected":false},"author":28,"featured_media":75046,"comment_status":"closed","ping_status":"closed","sticky":false,"template":"","format":"standard","meta":{"footnotes":""},"categories":[8356,1],"tags":[],"class_list":["post-76054","post","type-post","status-publish","format-standard","has-post-thumbnail","hentry","category-jundiai","category-noticias"],"_links":{"self":[{"href":"https:\/\/tvtecjundiai.com.br\/news\/wp-json\/wp\/v2\/posts\/76054","targetHints":{"allow":["GET"]}}],"collection":[{"href":"https:\/\/tvtecjundiai.com.br\/news\/wp-json\/wp\/v2\/posts"}],"about":[{"href":"https:\/\/tvtecjundiai.com.br\/news\/wp-json\/wp\/v2\/types\/post"}],"author":[{"embeddable":true,"href":"https:\/\/tvtecjundiai.com.br\/news\/wp-json\/wp\/v2\/users\/28"}],"replies":[{"embeddable":true,"href":"https:\/\/tvtecjundiai.com.br\/news\/wp-json\/wp\/v2\/comments?post=76054"}],"version-history":[{"count":1,"href":"https:\/\/tvtecjundiai.com.br\/news\/wp-json\/wp\/v2\/posts\/76054\/revisions"}],"predecessor-version":[{"id":76055,"href":"https:\/\/tvtecjundiai.com.br\/news\/wp-json\/wp\/v2\/posts\/76054\/revisions\/76055"}],"wp:featuredmedia":[{"embeddable":true,"href":"https:\/\/tvtecjundiai.com.br\/news\/wp-json\/wp\/v2\/media\/75046"}],"wp:attachment":[{"href":"https:\/\/tvtecjundiai.com.br\/news\/wp-json\/wp\/v2\/media?parent=76054"}],"wp:term":[{"taxonomy":"category","embeddable":true,"href":"https:\/\/tvtecjundiai.com.br\/news\/wp-json\/wp\/v2\/categories?post=76054"},{"taxonomy":"post_tag","embeddable":true,"href":"https:\/\/tvtecjundiai.com.br\/news\/wp-json\/wp\/v2\/tags?post=76054"}],"curies":[{"name":"wp","href":"https:\/\/api.w.org\/{rel}","templated":true}]}}