{"id":76056,"date":"2021-05-19T13:38:54","date_gmt":"2021-05-19T16:38:54","guid":{"rendered":"https:\/\/tvtecjundiai.com.br\/news\/?p=76056"},"modified":"2021-05-19T13:42:08","modified_gmt":"2021-05-19T16:42:08","slug":"sp-anuncia-vacinacao-contra-covid-19-para-pessoas-de-55-e-59-anos-sem-comorbidades-1","status":"publish","type":"post","link":"https:\/\/tvtecjundiai.com.br\/news\/2021\/05\/19\/sp-anuncia-vacinacao-contra-covid-19-para-pessoas-de-55-e-59-anos-sem-comorbidades-1\/","title":{"rendered":"SP anuncia vacina\u00e7\u00e3o contra COVID-19 para pessoas de 55 a 59 anos sem comorbidades"},"content":{"rendered":"\n<p>O estado de S\u00e3o Paulo anunciou nesta quarta-feira (19) a expans\u00e3o da vacina\u00e7\u00e3o contra a Covid-19 para profissionais da educa\u00e7\u00e3o de 18 a 46 anos e para pessoas sem comorbidades com idades entre 55 e 59 anos a partir de julho.<\/p>\n\n\n\n<p>J\u00e1 a vacina\u00e7\u00e3o de pessoas com comorbidades deve ser estendida para a faixa et\u00e1ria de 40 a 44 anos a partir do dia 28 de maio. Este p\u00fablico \u00e9 estimado em 760 mil pessoas no estado de S\u00e3o Paulo (veja no final deste texto a lista de comorbidades autorizadas).<\/p>\n\n\n\n<div class=\"wp-block-image\"><figure class=\"aligncenter size-large\"><img loading=\"lazy\" decoding=\"async\" width=\"1200\" height=\"801\" src=\"https:\/\/tvtecjundiai.com.br\/news\/wp-content\/uploads\/sites\/2\/2021\/03\/vacinas_covid_clinica_da_familia_novo_horizonte-234-1200x801.jpg\" alt=\"\" class=\"wp-image-72050\" srcset=\"https:\/\/tvtecjundiai.com.br\/news\/wp-content\/uploads\/sites\/2\/2021\/03\/vacinas_covid_clinica_da_familia_novo_horizonte-234-1200x801.jpg 1200w, https:\/\/tvtecjundiai.com.br\/news\/wp-content\/uploads\/sites\/2\/2021\/03\/vacinas_covid_clinica_da_familia_novo_horizonte-234-300x200.jpg 300w, https:\/\/tvtecjundiai.com.br\/news\/wp-content\/uploads\/sites\/2\/2021\/03\/vacinas_covid_clinica_da_familia_novo_horizonte-234-768x512.jpg 768w, https:\/\/tvtecjundiai.com.br\/news\/wp-content\/uploads\/sites\/2\/2021\/03\/vacinas_covid_clinica_da_familia_novo_horizonte-234.jpg 1280w\" sizes=\"auto, (max-width: 1200px) 100vw, 1200px\" \/><figcaption>Governo do Estado de SP anunciou nesta quarta-feira novos grupos de vacina\u00e7\u00e3o contra a COVID-19<\/figcaption><\/figure><\/div>\n\n\n\n<p><strong>Novas datas para a vacina\u00e7\u00e3o contra Covid-19:<\/strong><\/p>\n\n\n\n<p>28 de maio: Pessoas com comorbidades de 40 a 44 anos<br>Entre o dia 1\u00ba de julho e o dia 21 de julho: Pessoas sem comorbidades de 55 a 59 anos<br>De 21 a 31 de julho: Profissionais da educa\u00e7\u00e3o de 18 a 46 anos<\/p>\n\n\n\n<p>O governo do estado de S\u00e3o Paulo vai iniciar a imuniza\u00e7\u00e3o de pessoas sem doen\u00e7as preexistentes e idades de 55 e 59 anos entre o dia 1\u00ba de julho e o dia 21 de julho. Segundo a titular da Coordenadoria de Controle de Doen\u00e7as do estado de S\u00e3o Paulo, Regiane de Paula, a data exata de in\u00edcio n\u00e3o foi definida pelo governo estadual porque depende da disponibilidade de vacinas do Minist\u00e9rio da Sa\u00fade.<\/p>\n\n\n\n<p>A imuniza\u00e7\u00e3o dos profissionais da educa\u00e7\u00e3o ser\u00e1 expandida para todas as faixas et\u00e1rias. De 21 a 31 de julho, a vacina\u00e7\u00e3o contemplar\u00e1 os profissionais da educa\u00e7\u00e3o com idades de 18 a 46 anos. Os profissionais da educa\u00e7\u00e3o com mais de 47 anos em contato direto com alunos j\u00e1 est\u00e3o recebendo a vacina desde 9 de abril.<\/p>\n\n\n\n<p>O governo de S\u00e3o Paulo anunciou tamb\u00e9m que, ainda durante o m\u00eas de junho, deve vacinar contra a Covid-19 todas as pessoas com defici\u00eancia permanente. At\u00e9 o momento, apenas deficientes que s\u00e3o benefici\u00e1rios do Benef\u00edcio de Presta\u00e7\u00e3o Continuada (BPC) poderiam ser vacinados no estado.<\/p>\n\n\n\n<p><strong>Comorbidades inclu\u00eddas na vacina\u00e7\u00e3o<\/strong><br>O governo estadual afirma que seguir\u00e1 os crit\u00e9rios de comorbidade definidos pelo Minist\u00e9rio da Sa\u00fade, para pessoas com as seguintes doen\u00e7as:<\/p>\n\n\n\n<ul class=\"wp-block-list\"><li>Insufici\u00eancia card\u00edaca<\/li><li>Cor-pulmonale e hipertens\u00e3o pulmonar<\/li><li>Cardiopatia hipertensiva<\/li><li>S\u00edndrome coronariana<\/li><li>Valvopatias<\/li><li>Miocardiopatias e pericardopatias<\/li><li>Doen\u00e7a da Aorta, dos Grandes Vasos e F\u00edstulas arteriovenosas<\/li><li>Arritmias card\u00edacas<\/li><li>Cardiopatias cong\u00eanitas no adulto<\/li><li>Pr\u00f3teses valvares e dispositivos card\u00edaco implantados<\/li><li>Diabetes mellitus<\/li><li>Pneumopatias cr\u00f4nicas graves<\/li><li>Hipertens\u00e3o arterial resistente<\/li><li>Hipertens\u00e3o art\u00e9ria est\u00e1gio 3<\/li><li>Hipertens\u00e3o art\u00e9ria est\u00e1gio 1 e 2 com les\u00e3o e \u00f3rg\u00e3o alvo<\/li><li>Doen\u00e7a cerebrovascular<\/li><li>Doen\u00e7a renal cr\u00f4nica<\/li><li>Imunossuprimidos (inclui c\u00e2ncer)<\/li><li>Anemia falciforme<\/li><li>Obesidade m\u00f3rbida<\/li><li>Cirrose hep\u00e1tica<\/li><li>Portadores do v\u00edrus HIV<\/li><\/ul>\n\n\n\n<p><em>(Texto:G1\/Imagem: TVTEC)<\/em><\/p>\n","protected":false},"excerpt":{"rendered":"<p>Al\u00e9m deste grupo, os profissionais da educa\u00e7\u00e3o de todas as idades tamb\u00e9m dever\u00e3o ser vacinados em julho<\/p>\n","protected":false},"author":28,"featured_media":72050,"comment_status":"closed","ping_status":"closed","sticky":false,"template":"","format":"standard","meta":{"footnotes":""},"categories":[8356,1],"tags":[],"class_list":["post-76056","post","type-post","status-publish","format-standard","has-post-thumbnail","hentry","category-jundiai","category-noticias"],"_links":{"self":[{"href":"https:\/\/tvtecjundiai.com.br\/news\/wp-json\/wp\/v2\/posts\/76056","targetHints":{"allow":["GET"]}}],"collection":[{"href":"https:\/\/tvtecjundiai.com.br\/news\/wp-json\/wp\/v2\/posts"}],"about":[{"href":"https:\/\/tvtecjundiai.com.br\/news\/wp-json\/wp\/v2\/types\/post"}],"author":[{"embeddable":true,"href":"https:\/\/tvtecjundiai.com.br\/news\/wp-json\/wp\/v2\/users\/28"}],"replies":[{"embeddable":true,"href":"https:\/\/tvtecjundiai.com.br\/news\/wp-json\/wp\/v2\/comments?post=76056"}],"version-history":[{"count":3,"href":"https:\/\/tvtecjundiai.com.br\/news\/wp-json\/wp\/v2\/posts\/76056\/revisions"}],"predecessor-version":[{"id":76059,"href":"https:\/\/tvtecjundiai.com.br\/news\/wp-json\/wp\/v2\/posts\/76056\/revisions\/76059"}],"wp:featuredmedia":[{"embeddable":true,"href":"https:\/\/tvtecjundiai.com.br\/news\/wp-json\/wp\/v2\/media\/72050"}],"wp:attachment":[{"href":"https:\/\/tvtecjundiai.com.br\/news\/wp-json\/wp\/v2\/media?parent=76056"}],"wp:term":[{"taxonomy":"category","embeddable":true,"href":"https:\/\/tvtecjundiai.com.br\/news\/wp-json\/wp\/v2\/categories?post=76056"},{"taxonomy":"post_tag","embeddable":true,"href":"https:\/\/tvtecjundiai.com.br\/news\/wp-json\/wp\/v2\/tags?post=76056"}],"curies":[{"name":"wp","href":"https:\/\/api.w.org\/{rel}","templated":true}]}}