{"id":76070,"date":"2021-05-19T15:49:47","date_gmt":"2021-05-19T18:49:47","guid":{"rendered":"https:\/\/tvtecjundiai.com.br\/news\/?p=76070"},"modified":"2021-05-19T16:47:17","modified_gmt":"2021-05-19T19:47:17","slug":"fundo-social-de-jundiai-abre-inscricoes-nesta-quarta-feira-19-para-quatro-cursos-on-line-1","status":"publish","type":"post","link":"https:\/\/tvtecjundiai.com.br\/news\/2021\/05\/19\/fundo-social-de-jundiai-abre-inscricoes-nesta-quarta-feira-19-para-quatro-cursos-on-line-1\/","title":{"rendered":"Fundo Social de Jundia\u00ed abre inscri\u00e7\u00f5es para quatro cursos nesta quarta (19)"},"content":{"rendered":"\n<p>Nesta quarta-feira (19), o Fundo Social de Solidariedade de Jundia\u00ed (Funss) abre inscri\u00e7\u00f5es para quatro cursos on-line, que ser\u00e3o promovidos em parceria com o Sebrae Jundia\u00ed e o Senac Jundia\u00ed. As matr\u00edculas ser\u00e3o feitas pela internet, conforme os links disponibilizados abaixo, e dever\u00e3o ser conclu\u00eddas at\u00e9 a pr\u00f3xima quarta-feira (26), \u00e0s 14 horas.<\/p>\n\n\n\n<p>Ao todo, ser\u00e3o 120 vagas, sendo que capacita\u00e7\u00e3o contar\u00e1 com 30 alunos. Poder\u00e3o participar pessoas com 18 anos ou mais, com Ensino Fundamental completo e residentes em Jundia\u00ed. O crit\u00e9rio de preenchimento das vagas \u00e9 a ordem de envio do formul\u00e1rio, que considera hora, minuto e segundo. Os nomes dos alunos matriculados ser\u00e3o divulgados no site da Prefeitura de Jundia\u00ed. As fichas n\u00e3o contempladas est\u00e3o, automaticamente, na lista de espera e poder\u00e3o ser convocadas em caso de desist\u00eancia.<\/p>\n\n\n\n<p>Confira os cursos dispon\u00edveis:<\/p>\n\n\n\n<p><strong>Curso:&nbsp;\u201cCard\u00e1pio: guia para elabora\u00e7\u00e3o\u201d<\/strong><\/p>\n\n\n\n<p>Parceiro:&nbsp;SEBRAE\/SENAC.<\/p>\n\n\n\n<p>Datas e hor\u00e1rios: 07, 09, 11, 14 e 16\/06\/2021, das 8h \u00e0s 12h, e 29\/06\/2021, das 18h \u00e0s 22h.<\/p>\n\n\n\n<p>Dias: Segunda, quarta e sexta-feira.<\/p>\n\n\n\n<p>Local:&nbsp;&nbsp;Ambiente digital \u2013 Plataforma Virtual Microsoft Teams.<\/p>\n\n\n\n<p>Carga Hor\u00e1ria: 16hrs.<\/p>\n\n\n\n<p>Quantidade de Vagas: 30.<\/p>\n\n\n\n<p>Idade m\u00ednima: 18 anos.<\/p>\n\n\n\n<p>Inscri\u00e7\u00f5es: De 19\/05\/2021 at\u00e9 26\/05\/2021, \u00e0s 14h.<\/p>\n\n\n\n<p>LINK PARA INSCRI\u00c7\u00c3O:&nbsp;<a href=\"https:\/\/forms.gle\/aZ6GnwZRo9FGX8kk7\" target=\"_blank\" rel=\"noreferrer noopener\">https:\/\/forms.gle\/aZ6GnwZRo9FGX8kk7<\/a><\/p>\n\n\n\n<p><strong>Curso:&nbsp;\u201cEmpreenda R\u00e1pido Senac \u2013 Aprenda a vender melhor no e-commerce\u201d<\/strong><\/p>\n\n\n\n<p>Parceiro:&nbsp;SEBRAE\/SENAC.<\/p>\n\n\n\n<p>Data: 07, 08, 09 e 10\/06\/2021, das 14h \u00e0s 18h, e 29\/06\/2021, das 18h \u00e0s 22h.<\/p>\n\n\n\n<p>Dias:&nbsp;Segunda, ter\u00e7a, quarta e quinta-feira.<\/p>\n\n\n\n<p>Local:&nbsp;Ambiente digital \u2013 Plataforma Virtual Microsoft Teams.<\/p>\n\n\n\n<p>Carga Hor\u00e1ria: 16hrs.<\/p>\n\n\n\n<p>Quantidade de Vagas: 30.<\/p>\n\n\n\n<p>Idade m\u00ednima: 18 anos.<\/p>\n\n\n\n<p>Inscri\u00e7\u00f5es: De 19\/05\/2021 at\u00e9 o 26\/05\/2021, \u00e0s 14h.<\/p>\n\n\n\n<p>LINK PARA INSCRI\u00c7\u00c3O:&nbsp;<a rel=\"noreferrer noopener\" href=\"https:\/\/forms.gle\/g8xZtd3bngLikMtg8\" target=\"_blank\">https:\/\/forms.gle\/g8xZtd3bngLikMtg8<\/a><\/p>\n\n\n\n<figure class=\"wp-block-image size-large\"><img loading=\"lazy\" decoding=\"async\" width=\"1200\" height=\"817\" src=\"https:\/\/tvtecjundiai.com.br\/news\/wp-content\/uploads\/sites\/2\/2021\/05\/funss_inscricoes-2-1-1200x817.jpg\" alt=\"\" class=\"wp-image-76071\" srcset=\"https:\/\/tvtecjundiai.com.br\/news\/wp-content\/uploads\/sites\/2\/2021\/05\/funss_inscricoes-2-1-1200x817.jpg 1200w, https:\/\/tvtecjundiai.com.br\/news\/wp-content\/uploads\/sites\/2\/2021\/05\/funss_inscricoes-2-1-300x204.jpg 300w, https:\/\/tvtecjundiai.com.br\/news\/wp-content\/uploads\/sites\/2\/2021\/05\/funss_inscricoes-2-1-768x523.jpg 768w, https:\/\/tvtecjundiai.com.br\/news\/wp-content\/uploads\/sites\/2\/2021\/05\/funss_inscricoes-2-1.jpg 1280w\" sizes=\"auto, (max-width: 1200px) 100vw, 1200px\" \/><figcaption>Inscri\u00e7\u00f5es dever\u00e3o ser feitas pela internet at\u00e9 quarta-feira (26)<\/figcaption><\/figure>\n\n\n\n<p><strong>Curso \u201cHigiene na Manipula\u00e7\u00e3o de Alimentos\u201d<\/strong><\/p>\n\n\n\n<p>Parceiro:&nbsp;SEBRAE\/SENAC.<\/p>\n\n\n\n<p>Data: 08, 10, 15 e 17\/06\/2021, das 08h \u00e0s 12h, e 29\/06\/202, das 18h \u00e0s 22h.<\/p>\n\n\n\n<p>Dias:&nbsp;Ter\u00e7a e quinta-feira.<\/p>\n\n\n\n<p>Local:&nbsp;&nbsp;Ambiente digital \u2013 Plataforma Virtual Microsoft Teams.<\/p>\n\n\n\n<p>Carga Hor\u00e1ria: 16hrs.<\/p>\n\n\n\n<p>Quantidade de Vagas: 30.<\/p>\n\n\n\n<p>Idade m\u00ednima: 18 anos.<\/p>\n\n\n\n<p>Inscri\u00e7\u00f5es: De 19\/05\/2021 at\u00e9 26\/05\/2021, \u00e0s 14h<\/p>\n\n\n\n<p>LINK PARA INSCRI\u00c7\u00c3O:&nbsp;<a href=\"https:\/\/forms.gle\/wvkoiFDT4tYPqBuD7\" target=\"_blank\" rel=\"noreferrer noopener\">https:\/\/forms.gle\/wvkoiFDT4tYPqBuD7<\/a><\/p>\n\n\n\n<p><strong>Curso \u201cT\u00e9cnicas e estrat\u00e9gias para produtos de moda\u201d<\/strong><\/p>\n\n\n\n<p>Parceiro:&nbsp;SEBRAE\/SENAC.<\/p>\n\n\n\n<p>Data: 08, 10, 15 e 17\/06\/2021, das 18h30 \u00e0s 22h30, 29\/06\/2021 das 18h \u00e0s 22h<\/p>\n\n\n\n<p>Dias:&nbsp;Ter\u00e7a e quinta-feira.<\/p>\n\n\n\n<p>Local:&nbsp;&nbsp;Ambiente digital \u2013 Plataforma Virtual Microsoft Teams.<\/p>\n\n\n\n<p>Carga Hor\u00e1ria: 16hrs.<\/p>\n\n\n\n<p>Quantidade de Vagas: 30.<\/p>\n\n\n\n<p>Idade m\u00ednima: 18 anos.<\/p>\n\n\n\n<p>Inscri\u00e7\u00f5es: De 19\/05\/2021 at\u00e9 26\/05\/2021, \u00e0s 14h<\/p>\n\n\n\n<p>LINK PARA INSCRI\u00c7\u00c3O:&nbsp;<a href=\"https:\/\/forms.gle\/BN3BGZo7St37du8PA\" target=\"_blank\" rel=\"noreferrer noopener\">https:\/\/forms.gle\/BN3BGZo7St37du8PA<\/a><\/p>\n\n\n\n<p>Os alunos poder\u00e3o assistir as aulas pela plataforma virtual Microsoft Teams. O SEBRAE e SENAC ser\u00e3o respons\u00e1veis por informar os inscritos sobre o&nbsp;<em>link<\/em>&nbsp;da Sala Virtual, bem como apoiar o acesso ao sistema. Informa\u00e7\u00f5es pelos telefones: (11) 4521-2762, 4521-2929 e 4521-6833.<\/p>\n\n\n\n<p><em>(Texto\/Imagem: Prefeitura de Jundia\u00ed)<\/em><\/p>\n","protected":false},"excerpt":{"rendered":"<p>Ao todo, ser\u00e3o 120 vagas, sendo que capacita\u00e7\u00e3o contar\u00e1 com 30 alunos<\/p>\n","protected":false},"author":28,"featured_media":76071,"comment_status":"closed","ping_status":"closed","sticky":false,"template":"","format":"standard","meta":{"footnotes":""},"categories":[8356,1],"tags":[],"class_list":["post-76070","post","type-post","status-publish","format-standard","has-post-thumbnail","hentry","category-jundiai","category-noticias"],"_links":{"self":[{"href":"https:\/\/tvtecjundiai.com.br\/news\/wp-json\/wp\/v2\/posts\/76070","targetHints":{"allow":["GET"]}}],"collection":[{"href":"https:\/\/tvtecjundiai.com.br\/news\/wp-json\/wp\/v2\/posts"}],"about":[{"href":"https:\/\/tvtecjundiai.com.br\/news\/wp-json\/wp\/v2\/types\/post"}],"author":[{"embeddable":true,"href":"https:\/\/tvtecjundiai.com.br\/news\/wp-json\/wp\/v2\/users\/28"}],"replies":[{"embeddable":true,"href":"https:\/\/tvtecjundiai.com.br\/news\/wp-json\/wp\/v2\/comments?post=76070"}],"version-history":[{"count":2,"href":"https:\/\/tvtecjundiai.com.br\/news\/wp-json\/wp\/v2\/posts\/76070\/revisions"}],"predecessor-version":[{"id":76081,"href":"https:\/\/tvtecjundiai.com.br\/news\/wp-json\/wp\/v2\/posts\/76070\/revisions\/76081"}],"wp:featuredmedia":[{"embeddable":true,"href":"https:\/\/tvtecjundiai.com.br\/news\/wp-json\/wp\/v2\/media\/76071"}],"wp:attachment":[{"href":"https:\/\/tvtecjundiai.com.br\/news\/wp-json\/wp\/v2\/media?parent=76070"}],"wp:term":[{"taxonomy":"category","embeddable":true,"href":"https:\/\/tvtecjundiai.com.br\/news\/wp-json\/wp\/v2\/categories?post=76070"},{"taxonomy":"post_tag","embeddable":true,"href":"https:\/\/tvtecjundiai.com.br\/news\/wp-json\/wp\/v2\/tags?post=76070"}],"curies":[{"name":"wp","href":"https:\/\/api.w.org\/{rel}","templated":true}]}}