{"id":76074,"date":"2021-05-19T16:31:20","date_gmt":"2021-05-19T19:31:20","guid":{"rendered":"https:\/\/tvtecjundiai.com.br\/news\/?p=76074"},"modified":"2021-05-19T16:55:30","modified_gmt":"2021-05-19T19:55:30","slug":"jundiai-contabiliza-10-obitos-por-covid-19-nesta-quarta-feira-19","status":"publish","type":"post","link":"https:\/\/tvtecjundiai.com.br\/news\/2021\/05\/19\/jundiai-contabiliza-10-obitos-por-covid-19-nesta-quarta-feira-19\/","title":{"rendered":"Jundia\u00ed contabiliza 10 \u00f3bitos por COVID-19 nesta quarta-feira (19)"},"content":{"rendered":"\n<p>A Prefeitura de Jundia\u00ed informa que, nesta quarta-feira (19), dez \u00f3bitos foram contabilizados de residentes na cidade causados pelo Novo Coronav\u00edrus.<\/p>\n\n\n\n<p>Homem, 51 anos. Sem comorbidades registradas.&nbsp; Internou 25\/04 e faleceu 18\/05 em hospital privado da cidade.<\/p>\n\n\n\n<p>Homem, 70 anos, portador de doen\u00e7a cardiovascular cr\u00f4nica, diabetes e obesidade. Internou 27\/04 e faleceu 18\/05 em hospital privado da cidade.<\/p>\n\n\n\n<p>Homem, 53 anos, sem comorbidades registradas. Faleceu 18\/05 na resid\u00eancia.<\/p>\n\n\n\n<p>Mulher, 78 anos, portador de doen\u00e7a cardiovascular cr\u00f4nica e diabetes.&nbsp; Internou 04\/05 e faleceu 15\/05 em hospital privado da cidade.<\/p>\n\n\n\n<p>Mulher, 61 anos, portadora de diabetes. Internou 15\/04 e faleceu 19\/05 em hospital privado da cidade.<\/p>\n\n\n\n<p>Homem, 86 anos, portador de neoplasia. Internou 18\/05 e faleceu 19\/05 em hospital privado da cidade.<\/p>\n\n\n\n<p>Homem, 64 anos, sem comorbidades registradas. Internou15\/05 e faleceu 16\/05 em hospital privado da cidade.<\/p>\n\n\n\n<p>Homem, 59 anos, portador de doen\u00e7a cardiovascular cr\u00f4nica e diabetes. Internou 21\/04 e faleceu 17\/05 no hospital S\u00e3o Vicente.<\/p>\n\n\n\n<p>Homem, 81 anos, portador de doen\u00e7a cardiovascular e pneumopatia cr\u00f4nicas. Internou 24\/04 e faleceu 17\/05 no hospital Hospital S\u00e3o Vicente.<\/p>\n\n\n\n<p>Mulher, 65 anos, obesa, asm\u00e1tica e portadora de doen\u00e7a cardiovascular cr\u00f4nica. Internou 22\/04 e faleceu 17\/05 no Hospital S\u00e3o Vicente.<\/p>\n\n\n\n<p>At\u00e9 o momento, a cidade registra 1142 \u00f3bitos causados pela COVID-19 desde o in\u00edcio da pandemia.<\/p>\n\n\n\n<figure class=\"wp-block-image size-large\"><img loading=\"lazy\" decoding=\"async\" width=\"960\" height=\"960\" src=\"https:\/\/tvtecjundiai.com.br\/news\/wp-content\/uploads\/sites\/2\/2021\/05\/WhatsApp-Image-2021-05-19-at-16.52.14-960x960.jpeg\" alt=\"\" class=\"wp-image-76082\" srcset=\"https:\/\/tvtecjundiai.com.br\/news\/wp-content\/uploads\/sites\/2\/2021\/05\/WhatsApp-Image-2021-05-19-at-16.52.14-960x960.jpeg 960w, https:\/\/tvtecjundiai.com.br\/news\/wp-content\/uploads\/sites\/2\/2021\/05\/WhatsApp-Image-2021-05-19-at-16.52.14-300x300.jpeg 300w, https:\/\/tvtecjundiai.com.br\/news\/wp-content\/uploads\/sites\/2\/2021\/05\/WhatsApp-Image-2021-05-19-at-16.52.14-100x100.jpeg 100w, https:\/\/tvtecjundiai.com.br\/news\/wp-content\/uploads\/sites\/2\/2021\/05\/WhatsApp-Image-2021-05-19-at-16.52.14-768x768.jpeg 768w, https:\/\/tvtecjundiai.com.br\/news\/wp-content\/uploads\/sites\/2\/2021\/05\/WhatsApp-Image-2021-05-19-at-16.52.14.jpeg 1280w\" sizes=\"auto, (max-width: 960px) 100vw, 960px\" \/><\/figure>\n\n\n\n<figure class=\"wp-block-image size-large\"><img loading=\"lazy\" decoding=\"async\" width=\"960\" height=\"960\" src=\"https:\/\/tvtecjundiai.com.br\/news\/wp-content\/uploads\/sites\/2\/2021\/05\/slide2-13-960x960.png\" alt=\"\" class=\"wp-image-76076\" srcset=\"https:\/\/tvtecjundiai.com.br\/news\/wp-content\/uploads\/sites\/2\/2021\/05\/slide2-13-960x960.png 960w, https:\/\/tvtecjundiai.com.br\/news\/wp-content\/uploads\/sites\/2\/2021\/05\/slide2-13-300x300.png 300w, https:\/\/tvtecjundiai.com.br\/news\/wp-content\/uploads\/sites\/2\/2021\/05\/slide2-13-100x100.png 100w, https:\/\/tvtecjundiai.com.br\/news\/wp-content\/uploads\/sites\/2\/2021\/05\/slide2-13-768x768.png 768w, https:\/\/tvtecjundiai.com.br\/news\/wp-content\/uploads\/sites\/2\/2021\/05\/slide2-13.png 1280w\" sizes=\"auto, (max-width: 960px) 100vw, 960px\" \/><\/figure>\n\n\n\n<p><em>(Texto\/Imagem: Prefeitura de Jundia\u00ed)<\/em><\/p>\n","protected":false},"excerpt":{"rendered":"<p>At\u00e9 o momento, a cidade registra 1142 \u00f3bitos causados pela COVID-19 desde o in\u00edcio da pandemia<\/p>\n","protected":false},"author":28,"featured_media":68293,"comment_status":"closed","ping_status":"closed","sticky":false,"template":"","format":"standard","meta":{"footnotes":""},"categories":[8356,1],"tags":[],"class_list":["post-76074","post","type-post","status-publish","format-standard","has-post-thumbnail","hentry","category-jundiai","category-noticias"],"_links":{"self":[{"href":"https:\/\/tvtecjundiai.com.br\/news\/wp-json\/wp\/v2\/posts\/76074","targetHints":{"allow":["GET"]}}],"collection":[{"href":"https:\/\/tvtecjundiai.com.br\/news\/wp-json\/wp\/v2\/posts"}],"about":[{"href":"https:\/\/tvtecjundiai.com.br\/news\/wp-json\/wp\/v2\/types\/post"}],"author":[{"embeddable":true,"href":"https:\/\/tvtecjundiai.com.br\/news\/wp-json\/wp\/v2\/users\/28"}],"replies":[{"embeddable":true,"href":"https:\/\/tvtecjundiai.com.br\/news\/wp-json\/wp\/v2\/comments?post=76074"}],"version-history":[{"count":2,"href":"https:\/\/tvtecjundiai.com.br\/news\/wp-json\/wp\/v2\/posts\/76074\/revisions"}],"predecessor-version":[{"id":76083,"href":"https:\/\/tvtecjundiai.com.br\/news\/wp-json\/wp\/v2\/posts\/76074\/revisions\/76083"}],"wp:featuredmedia":[{"embeddable":true,"href":"https:\/\/tvtecjundiai.com.br\/news\/wp-json\/wp\/v2\/media\/68293"}],"wp:attachment":[{"href":"https:\/\/tvtecjundiai.com.br\/news\/wp-json\/wp\/v2\/media?parent=76074"}],"wp:term":[{"taxonomy":"category","embeddable":true,"href":"https:\/\/tvtecjundiai.com.br\/news\/wp-json\/wp\/v2\/categories?post=76074"},{"taxonomy":"post_tag","embeddable":true,"href":"https:\/\/tvtecjundiai.com.br\/news\/wp-json\/wp\/v2\/tags?post=76074"}],"curies":[{"name":"wp","href":"https:\/\/api.w.org\/{rel}","templated":true}]}}