{"id":76078,"date":"2021-05-19T16:43:43","date_gmt":"2021-05-19T19:43:43","guid":{"rendered":"https:\/\/tvtecjundiai.com.br\/news\/?p=76078"},"modified":"2021-05-19T16:43:43","modified_gmt":"2021-05-19T19:43:43","slug":"jundiai-discute-plano-municipal-de-saude-em-conferencia-no-mes-de-junho","status":"publish","type":"post","link":"https:\/\/tvtecjundiai.com.br\/news\/2021\/05\/19\/jundiai-discute-plano-municipal-de-saude-em-conferencia-no-mes-de-junho\/","title":{"rendered":"Jundia\u00ed discute Plano Municipal de Sa\u00fade em Confer\u00eancia, no m\u00eas de junho"},"content":{"rendered":"\n<p>Definir as diretrizes para a formula\u00e7\u00e3o do Plano Municipal de Sa\u00fade de Jundia\u00ed \u2013 2022 a 2025 \u00e9 o foco da 12\u00aa Confer\u00eancia Municipal de Sa\u00fade, que ser\u00e1 realizada no dia 26 de junho, das 8h \u00e0s 17h, no Parque Comendador Antonio Carbonari, o Parque da Uva. As inscri\u00e7\u00f5es se iniciam nesta quarta-feira (19) e prosseguem at\u00e9 o dia 11 de junho, ou at\u00e9 se esgotarem.<\/p>\n\n\n\n<p>Com o tema \u201cSUS mais forte, para continuar avan\u00e7ando\u201d, a confer\u00eancia conta com 50 vagas para representantes de usu\u00e1rios, 25 para trabalhadores de sa\u00fade, 10 para prestadores de servi\u00e7os SUS, 15 para representantes da Gest\u00e3o e 20 para ouvintes. Respeitando os protocolos sanit\u00e1rios de seguran\u00e7a e o Plano S\u00e3o Paulo de Retomada Econ\u00f4mica, a realiza\u00e7\u00e3o poder\u00e1 ter a data alterada conforme o cen\u00e1rio epidemiol\u00f3gico da pandemia do Novo Coronav\u00edrus.<\/p>\n\n\n\n<p>\u201cA confer\u00eancia \u00e9 essencial para o desenvolvimento de pol\u00edticas p\u00fablicas em Sa\u00fade. Neste ano, temos o desafio da pandemia do Novo Coronav\u00edrus, que exigiu altera\u00e7\u00f5es em protocolos, cria\u00e7\u00e3o de alternativas de atendimento e investimentos. Preparar o plano que vai direcionar as a\u00e7\u00f5es e avan\u00e7o do Sistema \u00danico de Sa\u00fade em Jundia\u00ed com a participa\u00e7\u00e3o da popula\u00e7\u00e3o e dos setores envolvidos, garante para a cidade objetivos detalhados, alinhados com os anseios da sociedade e com o avan\u00e7o em qualidade\u201d, comenta o gestor da UGPS, Tiago Texera.<\/p>\n\n\n\n<figure class=\"wp-block-image size-large\"><img loading=\"lazy\" decoding=\"async\" width=\"1200\" height=\"800\" src=\"https:\/\/tvtecjundiai.com.br\/news\/wp-content\/uploads\/sites\/2\/2021\/05\/novo_consultorio_odontologico_ubs_jundiai_mirim-10-1200x800.jpg\" alt=\"\" class=\"wp-image-76079\" srcset=\"https:\/\/tvtecjundiai.com.br\/news\/wp-content\/uploads\/sites\/2\/2021\/05\/novo_consultorio_odontologico_ubs_jundiai_mirim-10-1200x800.jpg 1200w, https:\/\/tvtecjundiai.com.br\/news\/wp-content\/uploads\/sites\/2\/2021\/05\/novo_consultorio_odontologico_ubs_jundiai_mirim-10-300x200.jpg 300w, https:\/\/tvtecjundiai.com.br\/news\/wp-content\/uploads\/sites\/2\/2021\/05\/novo_consultorio_odontologico_ubs_jundiai_mirim-10-768x512.jpg 768w, https:\/\/tvtecjundiai.com.br\/news\/wp-content\/uploads\/sites\/2\/2021\/05\/novo_consultorio_odontologico_ubs_jundiai_mirim-10.jpg 1280w\" sizes=\"auto, (max-width: 1200px) 100vw, 1200px\" \/><figcaption>Diretrizes para a Sa\u00fade p\u00fablica ser\u00e3o discutidas em confer\u00eancia<\/figcaption><\/figure>\n\n\n\n<p>Os eixos a ser debatidos ser\u00e3o:<\/p>\n\n\n\n<ul class=\"wp-block-list\"><li>Modelos de Aten\u00e7\u00e3o \u00e0 Sa\u00fade, Vigil\u00e2ncia em Sa\u00fade e a Garantia da Integralidade do Cuidado;<\/li><li>A Defesa do SUS, As Formas Restritivas de Financiamento;<\/li><li>Gest\u00e3o, Participa\u00e7\u00e3o e Controle Social, Tecnologia e Inova\u00e7\u00e3o do SUS.<\/li><\/ul>\n\n\n\n<p><strong>Poder\u00e3o participar da Confer\u00eancia com direito a voz e voto:<\/strong><\/p>\n\n\n\n<p><strong>Usu\u00e1rios do SUS:<\/strong>&nbsp;Aqueles que se utilizam dos servi\u00e7os de Sa\u00fade P\u00fablica com exce\u00e7\u00e3o dos trabalhadores dos servi\u00e7os p\u00fablicos de sa\u00fade, prestadores de servi\u00e7os SUS, gestores municipais e representantes do poder legislativo e do judici\u00e1rio.<br><a href=\"https:\/\/forms.gle\/Us6DdhZzbAZirtkp6\">FA\u00c7A SUA INSCRI\u00c7\u00c3O AQUI<\/a><\/p>\n\n\n\n<p><strong>Trabalhadores de sa\u00fade:<\/strong>&nbsp;Profissionais de sa\u00fade dos servi\u00e7os p\u00fablicos e dos prestadores de servi\u00e7os SUS, conveniados com o munic\u00edpio.<br><a href=\"https:\/\/forms.gle\/urAeyGNbNYF6P1w19\">FA\u00c7A SUA INSCRI\u00c7\u00c3O AQUI<\/a><\/p>\n\n\n\n<p><strong>Prestadores de servi\u00e7os de sa\u00fade do SUS, conveniados com o munic\u00edpio:&nbsp;<\/strong>Servi\u00e7os de Sa\u00fade que possuem contrato e\/ou conv\u00eanio com a prefeitura de Jundia\u00ed.<br><a href=\"https:\/\/forms.gle\/QnZrw74jasG8CdoS7\">FA\u00c7A SUA INSCRI\u00c7\u00c3O AQUI<\/a><\/p>\n\n\n\n<p><strong>Ouvintes:\u00a0<\/strong>Poder\u00e3o participar da confer\u00eancia com direito a voz por\u00e9m sem direito a voto.<br><a href=\"https:\/\/forms.gle\/2UfRaqKq7GvMja7V9\">FA\u00c7A A SUA INSCRI\u00c7\u00c3O AQU<\/a><\/p>\n\n\n\n<p><em>(Texto\/Imagem: Prefeitura de Jundia\u00ed)<\/em><\/p>\n","protected":false},"excerpt":{"rendered":"<p>As inscri\u00e7\u00f5es se iniciam nesta quarta-feira (19) e prosseguem at\u00e9 o dia 11 de junho, ou at\u00e9 se esgotarem<\/p>\n","protected":false},"author":28,"featured_media":76079,"comment_status":"closed","ping_status":"closed","sticky":false,"template":"","format":"standard","meta":{"footnotes":""},"categories":[8356,1],"tags":[],"class_list":["post-76078","post","type-post","status-publish","format-standard","has-post-thumbnail","hentry","category-jundiai","category-noticias"],"_links":{"self":[{"href":"https:\/\/tvtecjundiai.com.br\/news\/wp-json\/wp\/v2\/posts\/76078","targetHints":{"allow":["GET"]}}],"collection":[{"href":"https:\/\/tvtecjundiai.com.br\/news\/wp-json\/wp\/v2\/posts"}],"about":[{"href":"https:\/\/tvtecjundiai.com.br\/news\/wp-json\/wp\/v2\/types\/post"}],"author":[{"embeddable":true,"href":"https:\/\/tvtecjundiai.com.br\/news\/wp-json\/wp\/v2\/users\/28"}],"replies":[{"embeddable":true,"href":"https:\/\/tvtecjundiai.com.br\/news\/wp-json\/wp\/v2\/comments?post=76078"}],"version-history":[{"count":1,"href":"https:\/\/tvtecjundiai.com.br\/news\/wp-json\/wp\/v2\/posts\/76078\/revisions"}],"predecessor-version":[{"id":76080,"href":"https:\/\/tvtecjundiai.com.br\/news\/wp-json\/wp\/v2\/posts\/76078\/revisions\/76080"}],"wp:featuredmedia":[{"embeddable":true,"href":"https:\/\/tvtecjundiai.com.br\/news\/wp-json\/wp\/v2\/media\/76079"}],"wp:attachment":[{"href":"https:\/\/tvtecjundiai.com.br\/news\/wp-json\/wp\/v2\/media?parent=76078"}],"wp:term":[{"taxonomy":"category","embeddable":true,"href":"https:\/\/tvtecjundiai.com.br\/news\/wp-json\/wp\/v2\/categories?post=76078"},{"taxonomy":"post_tag","embeddable":true,"href":"https:\/\/tvtecjundiai.com.br\/news\/wp-json\/wp\/v2\/tags?post=76078"}],"curies":[{"name":"wp","href":"https:\/\/api.w.org\/{rel}","templated":true}]}}